{"id":23943,"date":"2023-04-22T12:18:00","date_gmt":"2023-04-22T10:18:00","guid":{"rendered":"https:\/\/christusnews.de\/site\/kurschus-ja-zu-abloesung-von-staatsleistungen-unter-bedingungen\/"},"modified":"2023-04-24T23:18:50","modified_gmt":"2023-04-24T21:18:50","slug":"kurschus-ja-zu-abloesung-von-staatsleistungen-unter-bedingungen","status":"publish","type":"post","link":"https:\/\/christusnews.de\/site\/kurschus-ja-zu-abloesung-von-staatsleistungen-unter-bedingungen\/","title":{"rendered":"Kurschus: Ja zu Abl\u00f6sung von Staatsleistungen unter Bedingungen"},"content":{"rendered":"<p class=\"MsoPlainText\">Osnabr\u00fcck (epd). Die Ratsvorsitzende der Evangelischen Kirche in Deutschland (EKD), Annette Kurschus, hat in einem Zeitungsinterview Bedingungen f\u00fcr eine Abl\u00f6sung der Staatsleistungen an die Kirchen genannt. Kurschus sagte der \u00abNeuen Osnabr\u00fccker Zeitung\u00bb (Sonnabend): \u00abEine m\u00f6gliche Abl\u00f6sung muss so ablaufen, dass wir weiterhin die Dienste in der Gesellschaft tun k\u00f6nnen, die wir gerade tun.\u00bb<\/p>\n<p class=\"MsoPlainText\">&nbsp;<\/p>\n<p class=\"MsoPlainText\">Diese Gelder fl\u00f6ssen direkt in die kirchlichen Haushalte, \u00abund damit leisten wir wichtige Arbeit, die nicht gef\u00e4hrdet werden darf\u00bb, sagte Kurschus. Davon profitierten auch Menschen, die nicht zur Kirche geh\u00f6rten. Daran m\u00fcsse der Staat ein Interesse haben, erkl\u00e4rte die westf\u00e4lische Pr\u00e4ses.<\/p>\n<p class=\"MsoPlainText\">&nbsp;<\/p>\n<p class=\"MsoPlainText\">Grunds\u00e4tzlich bef\u00fcrwortete die EKD-Ratsvorsitzende in dem Interview die Abl\u00f6sung der Staatsleistungen. Dabei handele es sich um einen Verfassungsauftrag, dem man nun nachkommen m\u00fcsse.<\/p>\n<p class=\"MsoPlainText\">&nbsp;<\/p>\n<p class=\"MsoPlainText\">Staatsleistungen erhalten die Kirchen als Entsch\u00e4digung f\u00fcr die Enteignung kirchlicher G\u00fcter und Grundst\u00fccke im Zuge der S\u00e4kularisierung vor allem Anfang des 19. Jahrhunderts. Sie sind von der Kirchensteuer zu unterscheiden und betragen mehr als eine halbe Milliarde Euro pro Jahr an die evangelische und katholische Kirche.&nbsp;Im Grundgesetz steht eine aus der Weimarer Reichsverfassung \u00fcbernommene Verpflichtung zur Abl\u00f6sung der Staatsleistungen.<\/p>\n<p class=\"MsoPlainText\">&nbsp;<\/p>\n<p>Kirche-Oldenburg<br \/>\n<a href=\"https:\/\/www.kirche-oldenburg.de\/\/aktuell\/news-niedersachsen\/artikel\/kurschus-ja-zu-abloesung-von-staatsleistungen-unter-bedingungen\" target=\"_blank\" rel=\"noopener\">Kurschus: Ja zu Abl\u00f6sung von Staatsleistungen unter Bedingungen<\/a><\/p>\n","protected":false},"excerpt":{"rendered":"<p>Osnabr\u00fcck (epd). Die Ratsvorsitzende der Evangelischen Kirche in Deutschland (EKD), Annette Kurschus, hat in einem Zeitungsinterview Bedingungen f\u00fcr eine Abl\u00f6sung der Staatsleistungen an die Kirchen genannt. Kurschus sagte der \u00abNeuen Osnabr\u00fccker Zeitung\u00bb (Sonnabend): \u00abEine m\u00f6gliche Abl\u00f6sung muss so ablaufen, dass wir weiterhin die Dienste in der Gesellschaft tun k\u00f6nnen, die wir gerade tun.\u00bb &nbsp; Diese Gelder fl\u00f6ssen direkt in die kirchlichen Haushalte, \u00abund damit leisten wir wichtige Arbeit, die nicht gef\u00e4hrdet werden darf\u00bb, sagte Kurschus. Davon profitierten auch Menschen, die nicht zur Kirche geh\u00f6rten. Daran m\u00fcsse der Staat ein Interesse haben, erkl\u00e4rte die westf\u00e4lische Pr\u00e4ses. &nbsp; Grunds\u00e4tzlich bef\u00fcrwortete die EKD-Ratsvorsitzende&#8230;<\/p>\n","protected":false},"author":7,"featured_media":0,"comment_status":"false","ping_status":"open","sticky":false,"template":"","format":"standard","meta":{"footnotes":""},"categories":[43],"tags":[44],"class_list":["post-23943","post","type-post","status-publish","format-standard","hentry","category-kirche-oldenburg","tag-kirche-oldenburg"],"_links":{"self":[{"href":"https:\/\/christusnews.de\/site\/wp-json\/wp\/v2\/posts\/23943","targetHints":{"allow":["GET"]}}],"collection":[{"href":"https:\/\/christusnews.de\/site\/wp-json\/wp\/v2\/posts"}],"about":[{"href":"https:\/\/christusnews.de\/site\/wp-json\/wp\/v2\/types\/post"}],"author":[{"embeddable":true,"href":"https:\/\/christusnews.de\/site\/wp-json\/wp\/v2\/users\/7"}],"replies":[{"embeddable":true,"href":"https:\/\/christusnews.de\/site\/wp-json\/wp\/v2\/comments?post=23943"}],"version-history":[{"count":1,"href":"https:\/\/christusnews.de\/site\/wp-json\/wp\/v2\/posts\/23943\/revisions"}],"predecessor-version":[{"id":23944,"href":"https:\/\/christusnews.de\/site\/wp-json\/wp\/v2\/posts\/23943\/revisions\/23944"}],"wp:attachment":[{"href":"https:\/\/christusnews.de\/site\/wp-json\/wp\/v2\/media?parent=23943"}],"wp:term":[{"taxonomy":"category","embeddable":true,"href":"https:\/\/christusnews.de\/site\/wp-json\/wp\/v2\/categories?post=23943"},{"taxonomy":"post_tag","embeddable":true,"href":"https:\/\/christusnews.de\/site\/wp-json\/wp\/v2\/tags?post=23943"}],"curies":[{"name":"wp","href":"https:\/\/api.w.org\/{rel}","templated":true}]}}