{"id":23945,"date":"2023-04-21T12:23:00","date_gmt":"2023-04-21T10:23:00","guid":{"rendered":"https:\/\/christusnews.de\/site\/niedersachsen-startet-ab-mai-wieder-aktion-mit-dem-rad-zur-arbeit\/"},"modified":"2023-04-24T23:18:50","modified_gmt":"2023-04-24T21:18:50","slug":"niedersachsen-startet-ab-mai-wieder-aktion-mit-dem-rad-zur-arbeit","status":"publish","type":"post","link":"https:\/\/christusnews.de\/site\/niedersachsen-startet-ab-mai-wieder-aktion-mit-dem-rad-zur-arbeit\/","title":{"rendered":"Niedersachsen startet ab Mai wieder Aktion \u00abMit dem Rad zur Arbeit\u00bb"},"content":{"rendered":"<p class=\"MsoPlainText\">Hannover (epd). Berufst\u00e4tige Nieders\u00e4chsinnen und Niedersachsen k\u00f6nnen sich ab 1. Mai wieder an der Mitmachaktion \u00abMit dem Rad zur Arbeit\u00bb beteiligen. Ziel ist es, dass m\u00f6glichst viele Menschen bis Ende August an mindestens 20 Tagen f\u00fcr den Arbeitsweg auf das Fahrrad umsatteln, wie das Landessozialministerium am Freitag mitteilte.<\/p>\n<p class=\"MsoPlainText\">&nbsp;<\/p>\n<p class=\"MsoPlainText\">\u00abRadfahren ist gut f\u00fcr die Gesundheit und sch\u00fctzt die Umwelt\u00bb, sagte Sozialminister Andreas Philippi (SPD) als Schirmherr der Initiative: \u00abDurch die Teilnahme an der Aktion kann jeder Einzelne einen pers\u00f6nlichen, positiven Beitrag zu beiden Themen leisten.\u00bb Im vergangenen Jahr h\u00e4tten die Teilnehmerinnen und Teilnehmer in Niedersachsen ann\u00e4hernd 7,4 Millionen Kilometer geradelt. Dadurch sei ein zus\u00e4tzlicher Kohlendioxid-Aussto\u00df von fast 1.500 Tonnen vermieden worden.<\/p>\n<p class=\"MsoPlainText\">&nbsp;<\/p>\n<p class=\"MsoPlainText\">Berufst\u00e4tige, die an mindestens 20 Tagen den Arbeitsweg mit dem Fahrrad zur\u00fccklegen und ihre Strecke online in den Aktionskalender eintragen, sichern sich Gewinnchancen unter anderem auf ein E-Bike. F\u00fcr Pendlerinnen und Pendler z\u00e4hlen auch Teilstrecken in Kombination mit Bus oder Bahn.<\/p>\n<p>Kirche-Oldenburg<br \/>\n<a href=\"https:\/\/www.kirche-oldenburg.de\/\/aktuell\/news-niedersachsen\/artikel\/niedersachsen-startet-ab-mai-wieder-aktion-mit-dem-rad-zur-arbeit\" target=\"_blank\" rel=\"noopener\">Niedersachsen startet ab Mai wieder Aktion \u00abMit dem Rad zur Arbeit\u00bb<\/a><\/p>\n","protected":false},"excerpt":{"rendered":"<p>Hannover (epd). Berufst\u00e4tige Nieders\u00e4chsinnen und Niedersachsen k\u00f6nnen sich ab 1. Mai wieder an der Mitmachaktion \u00abMit dem Rad zur Arbeit\u00bb beteiligen. Ziel ist es, dass m\u00f6glichst viele Menschen bis Ende August an mindestens 20 Tagen f\u00fcr den Arbeitsweg auf das Fahrrad umsatteln, wie das Landessozialministerium am Freitag mitteilte. &nbsp; \u00abRadfahren ist gut f\u00fcr die Gesundheit und sch\u00fctzt die Umwelt\u00bb, sagte Sozialminister Andreas Philippi (SPD) als Schirmherr der Initiative: \u00abDurch die Teilnahme an der Aktion kann jeder Einzelne einen pers\u00f6nlichen, positiven Beitrag zu beiden Themen leisten.\u00bb Im vergangenen Jahr h\u00e4tten die Teilnehmerinnen und Teilnehmer in Niedersachsen ann\u00e4hernd 7,4 Millionen Kilometer geradelt&#8230;.<\/p>\n","protected":false},"author":7,"featured_media":0,"comment_status":"false","ping_status":"open","sticky":false,"template":"","format":"standard","meta":{"footnotes":""},"categories":[43],"tags":[44],"class_list":["post-23945","post","type-post","status-publish","format-standard","hentry","category-kirche-oldenburg","tag-kirche-oldenburg"],"_links":{"self":[{"href":"https:\/\/christusnews.de\/site\/wp-json\/wp\/v2\/posts\/23945","targetHints":{"allow":["GET"]}}],"collection":[{"href":"https:\/\/christusnews.de\/site\/wp-json\/wp\/v2\/posts"}],"about":[{"href":"https:\/\/christusnews.de\/site\/wp-json\/wp\/v2\/types\/post"}],"author":[{"embeddable":true,"href":"https:\/\/christusnews.de\/site\/wp-json\/wp\/v2\/users\/7"}],"replies":[{"embeddable":true,"href":"https:\/\/christusnews.de\/site\/wp-json\/wp\/v2\/comments?post=23945"}],"version-history":[{"count":1,"href":"https:\/\/christusnews.de\/site\/wp-json\/wp\/v2\/posts\/23945\/revisions"}],"predecessor-version":[{"id":23946,"href":"https:\/\/christusnews.de\/site\/wp-json\/wp\/v2\/posts\/23945\/revisions\/23946"}],"wp:attachment":[{"href":"https:\/\/christusnews.de\/site\/wp-json\/wp\/v2\/media?parent=23945"}],"wp:term":[{"taxonomy":"category","embeddable":true,"href":"https:\/\/christusnews.de\/site\/wp-json\/wp\/v2\/categories?post=23945"},{"taxonomy":"post_tag","embeddable":true,"href":"https:\/\/christusnews.de\/site\/wp-json\/wp\/v2\/tags?post=23945"}],"curies":[{"name":"wp","href":"https:\/\/api.w.org\/{rel}","templated":true}]}}