{"id":23949,"date":"2023-04-24T10:25:00","date_gmt":"2023-04-24T08:25:00","guid":{"rendered":"https:\/\/christusnews.de\/site\/landesarmutskonferenz-warnt-vor-riesenwelle-der-altersarmut\/"},"modified":"2023-04-25T11:18:31","modified_gmt":"2023-04-25T09:18:31","slug":"landesarmutskonferenz-warnt-vor-riesenwelle-der-altersarmut","status":"publish","type":"post","link":"https:\/\/christusnews.de\/site\/landesarmutskonferenz-warnt-vor-riesenwelle-der-altersarmut\/","title":{"rendered":"Landesarmutskonferenz warnt vor \u00abRiesenwelle der Altersarmut\u00bb"},"content":{"rendered":"<p class=\"MsoPlainText\">Hannover (epd). Angesichts einer deutlich gestiegenen Zahl an Empf\u00e4ngerinnen und Empf\u00e4ngern von Grundsicherung sieht die Landesarmutskonferenz Niedersachsen (LAK) eine \u00abRiesenwelle von Altersarmut\u00bb heranrollen. 2022 sei die Zahl der Grundsicherungsempf\u00e4nger laut Statistischem Bundesamt gegen\u00fcber dem Vorjahr bundesweit um 12 Prozent gestiegen, teilte die LAK am Montag in Hannover mit. Unter den Empf\u00e4ngern seien rund 660.000 Rentnerinnen und Rentner, deren regul\u00e4ren Bez\u00fcge nicht ausreichten, um die Lebenshaltungskosten zu bestreiten.<\/p>\n<p class=\"MsoPlainText\">&nbsp;<\/p>\n<p class=\"MsoPlainText\">LAK-Gesch\u00e4ftsf\u00fchrer Klaus-Dieter Gleitze bezeichnete explodierende Mieten in Ballungsr\u00e4umen sowie die aktuell hohe Inflation und drastisch gestiegene Lebenshaltungskosten als wesentliche Treiber der Altersarmut. Zudem n\u00e4hmen etwa 60 Prozent der zur Grundsicherung berechtigten Rentnerinnen und Rentner aus Scham ihnen zustehende Leistungen nicht in Anspruch.<\/p>\n<p class=\"MsoPlainText\">&nbsp;<\/p>\n<p class=\"MsoPlainText\">Die Probleme l\u00e4gen aber tiefer: \u00abAltersarmut ist, wie jede Form von struktureller Armut, ein Produkt mangelhafter Arbeitsmarkt- und Sozialpolitik der letzten Jahrzehnte sowie einer aus dem Ruder gelaufenen Umverteilung von unten nach oben\u00bb, betonte Gleitze.<\/p>\n<p class=\"MsoPlainText\">&nbsp;<\/p>\n<p class=\"MsoPlainText\">Jeder f\u00fcnfte Arbeitnehmer sei hierzulande im Niedriglohnsektor besch\u00e4ftigt, die Vereinbarkeit von Familie und Beruf sei \u00abmiserabel\u00bb, was vor allem alleinerziehende Frauen treffe. \u00abFazit in Zeiten der Polykrise: Unser Gesellschaftssystem ist, was soziale Gerechtigkeit und Teilhabe angeht, nicht zukunftssicher und die Zeche bezahlen die Schwachen wie Altersarme\u00bb, kritisierte der LAK-Gesch\u00e4ftsf\u00fchrer.<\/p>\n<p class=\"MsoPlainText\">&nbsp;<\/p>\n<p class=\"MsoPlainText\">Gleitze forderte zur Bek\u00e4mpfung von Altersarmut unter anderem eine Erh\u00f6hung der Grundsicherung um monatlich 200 Euro, eine Anhebung der Renten mindestens um das Inflationsniveau sowie drastische Preissenkungen f\u00fcr Lebensmittel, etwa durch eine Streichung der Mehrwertsteuer bei Obst und Gem\u00fcse.<\/p>\n<p>Kirche-Oldenburg<br \/>\n<a href=\"https:\/\/www.kirche-oldenburg.de\/\/aktuell\/news-niedersachsen\/artikel\/landesarmutskonferenz-warnt-vor-riesenwelle-der-altersarmut\" target=\"_blank\" rel=\"noopener\">Landesarmutskonferenz warnt vor \u00abRiesenwelle der Altersarmut\u00bb<\/a><\/p>\n","protected":false},"excerpt":{"rendered":"<p>Hannover (epd). Angesichts einer deutlich gestiegenen Zahl an Empf\u00e4ngerinnen und Empf\u00e4ngern von Grundsicherung sieht die Landesarmutskonferenz Niedersachsen (LAK) eine \u00abRiesenwelle von Altersarmut\u00bb heranrollen. 2022 sei die Zahl der Grundsicherungsempf\u00e4nger laut Statistischem Bundesamt gegen\u00fcber dem Vorjahr bundesweit um 12 Prozent gestiegen, teilte die LAK am Montag in Hannover mit. Unter den Empf\u00e4ngern seien rund 660.000 Rentnerinnen und Rentner, deren regul\u00e4ren Bez\u00fcge nicht ausreichten, um die Lebenshaltungskosten zu bestreiten. &nbsp; LAK-Gesch\u00e4ftsf\u00fchrer Klaus-Dieter Gleitze bezeichnete explodierende Mieten in Ballungsr\u00e4umen sowie die aktuell hohe Inflation und drastisch gestiegene Lebenshaltungskosten als wesentliche Treiber der Altersarmut. Zudem n\u00e4hmen etwa 60 Prozent der zur Grundsicherung berechtigten Rentnerinnen&#8230;<\/p>\n","protected":false},"author":7,"featured_media":0,"comment_status":"false","ping_status":"open","sticky":false,"template":"","format":"standard","meta":{"footnotes":""},"categories":[43],"tags":[44],"class_list":["post-23949","post","type-post","status-publish","format-standard","hentry","category-kirche-oldenburg","tag-kirche-oldenburg"],"_links":{"self":[{"href":"https:\/\/christusnews.de\/site\/wp-json\/wp\/v2\/posts\/23949","targetHints":{"allow":["GET"]}}],"collection":[{"href":"https:\/\/christusnews.de\/site\/wp-json\/wp\/v2\/posts"}],"about":[{"href":"https:\/\/christusnews.de\/site\/wp-json\/wp\/v2\/types\/post"}],"author":[{"embeddable":true,"href":"https:\/\/christusnews.de\/site\/wp-json\/wp\/v2\/users\/7"}],"replies":[{"embeddable":true,"href":"https:\/\/christusnews.de\/site\/wp-json\/wp\/v2\/comments?post=23949"}],"version-history":[{"count":1,"href":"https:\/\/christusnews.de\/site\/wp-json\/wp\/v2\/posts\/23949\/revisions"}],"predecessor-version":[{"id":23950,"href":"https:\/\/christusnews.de\/site\/wp-json\/wp\/v2\/posts\/23949\/revisions\/23950"}],"wp:attachment":[{"href":"https:\/\/christusnews.de\/site\/wp-json\/wp\/v2\/media?parent=23949"}],"wp:term":[{"taxonomy":"category","embeddable":true,"href":"https:\/\/christusnews.de\/site\/wp-json\/wp\/v2\/categories?post=23949"},{"taxonomy":"post_tag","embeddable":true,"href":"https:\/\/christusnews.de\/site\/wp-json\/wp\/v2\/tags?post=23949"}],"curies":[{"name":"wp","href":"https:\/\/api.w.org\/{rel}","templated":true}]}}