{"id":23966,"date":"2023-04-27T09:51:00","date_gmt":"2023-04-27T07:51:00","guid":{"rendered":"https:\/\/christusnews.de\/site\/studierende-erinnern-an-buecherverbrennung-durch-nazis\/"},"modified":"2023-04-28T11:17:35","modified_gmt":"2023-04-28T09:17:35","slug":"studierende-erinnern-an-buecherverbrennung-durch-nazis","status":"publish","type":"post","link":"https:\/\/christusnews.de\/site\/studierende-erinnern-an-buecherverbrennung-durch-nazis\/","title":{"rendered":"Studierende erinnern an B\u00fccherverbrennung durch Nazis"},"content":{"rendered":"<p class=\"MsoPlainText\">Oldenburg (epd). Mit mehreren Veranstaltungen will eine Studierendengruppe der Universit\u00e4t Oldenburg an die B\u00fccherverbrennung durch die Nationalsozialisten vor 90 Jahren erinnern. Am 10. Mai 1933 hatten Studenten in Berlin und 22 anderen deutschen St\u00e4dten tausende B\u00fccher verbrannt, teilte die Universit\u00e4t am Donnerstag mit. Darunter seien vor allem Werke j\u00fcdischer Autorinnen und Autoren gewesen, aber auch Arbeiten von politisch ge\u00e4chteten Schriftstellern, wie etwa Schriften von Carl von Ossietzky (1889-1939), des Namensgebers der Universit\u00e4t Oldenburg.<\/p>\n<p class=\"MsoPlainText\">&nbsp;<\/p>\n<p class=\"MsoPlainText\">Mit ihrem Projekt \u00abWider-Worte\u00bb wolle die Gruppe an das historische Ereignis und seiner Folgen erinnern und ein Zeichen f\u00fcr die Kultur der Schriftlichkeit setzen, hie\u00df es. Die Veranstaltungsreihe beginnt am 10. Mai um 14 Uhr in der Aula der Universit\u00e4t. Anschlie\u00dfend seien Lesungen, Workshops und eine Filmvorf\u00fchrung an verschiedenen Orten in Oldenburg geplant. Au\u00dferdem wollen mehrere Buchhandlungen mit B\u00fcchertischen auf die Schriftstellerinnen und Schriftsteller aufmerksam machen, deren Werke 1933 vernichtet wurden.<\/p>\n<p>Kirche-Oldenburg<br \/>\n<a href=\"https:\/\/www.kirche-oldenburg.de\/\/aktuell\/news-niedersachsen\/artikel\/studierende-erinnern-an-buecherverbrennung-durch-nazis\" target=\"_blank\" rel=\"noopener\">Studierende erinnern an B\u00fccherverbrennung durch Nazis<\/a><\/p>\n","protected":false},"excerpt":{"rendered":"<p>Oldenburg (epd). Mit mehreren Veranstaltungen will eine Studierendengruppe der Universit\u00e4t Oldenburg an die B\u00fccherverbrennung durch die Nationalsozialisten vor 90 Jahren erinnern. Am 10. Mai 1933 hatten Studenten in Berlin und 22 anderen deutschen St\u00e4dten tausende B\u00fccher verbrannt, teilte die Universit\u00e4t am Donnerstag mit. Darunter seien vor allem Werke j\u00fcdischer Autorinnen und Autoren gewesen, aber auch Arbeiten von politisch ge\u00e4chteten Schriftstellern, wie etwa Schriften von Carl von Ossietzky (1889-1939), des Namensgebers der Universit\u00e4t Oldenburg. &nbsp; Mit ihrem Projekt \u00abWider-Worte\u00bb wolle die Gruppe an das historische Ereignis und seiner Folgen erinnern und ein Zeichen f\u00fcr die Kultur der Schriftlichkeit setzen, hie\u00df es&#8230;.<\/p>\n","protected":false},"author":7,"featured_media":0,"comment_status":"false","ping_status":"open","sticky":false,"template":"","format":"standard","meta":{"footnotes":""},"categories":[43],"tags":[44],"class_list":["post-23966","post","type-post","status-publish","format-standard","hentry","category-kirche-oldenburg","tag-kirche-oldenburg"],"_links":{"self":[{"href":"https:\/\/christusnews.de\/site\/wp-json\/wp\/v2\/posts\/23966","targetHints":{"allow":["GET"]}}],"collection":[{"href":"https:\/\/christusnews.de\/site\/wp-json\/wp\/v2\/posts"}],"about":[{"href":"https:\/\/christusnews.de\/site\/wp-json\/wp\/v2\/types\/post"}],"author":[{"embeddable":true,"href":"https:\/\/christusnews.de\/site\/wp-json\/wp\/v2\/users\/7"}],"replies":[{"embeddable":true,"href":"https:\/\/christusnews.de\/site\/wp-json\/wp\/v2\/comments?post=23966"}],"version-history":[{"count":1,"href":"https:\/\/christusnews.de\/site\/wp-json\/wp\/v2\/posts\/23966\/revisions"}],"predecessor-version":[{"id":23967,"href":"https:\/\/christusnews.de\/site\/wp-json\/wp\/v2\/posts\/23966\/revisions\/23967"}],"wp:attachment":[{"href":"https:\/\/christusnews.de\/site\/wp-json\/wp\/v2\/media?parent=23966"}],"wp:term":[{"taxonomy":"category","embeddable":true,"href":"https:\/\/christusnews.de\/site\/wp-json\/wp\/v2\/categories?post=23966"},{"taxonomy":"post_tag","embeddable":true,"href":"https:\/\/christusnews.de\/site\/wp-json\/wp\/v2\/tags?post=23966"}],"curies":[{"name":"wp","href":"https:\/\/api.w.org\/{rel}","templated":true}]}}