{"id":23976,"date":"2023-05-01T10:39:00","date_gmt":"2023-05-01T08:39:00","guid":{"rendered":"https:\/\/christusnews.de\/site\/ehemaliger-ekd-ratsvorsitzender-schneider-ruft-zur-solidaritaet-auf\/"},"modified":"2023-05-02T11:17:21","modified_gmt":"2023-05-02T09:17:21","slug":"ehemaliger-ekd-ratsvorsitzender-schneider-ruft-zur-solidaritaet-auf","status":"publish","type":"post","link":"https:\/\/christusnews.de\/site\/ehemaliger-ekd-ratsvorsitzender-schneider-ruft-zur-solidaritaet-auf\/","title":{"rendered":"Ehemaliger EKD-Ratsvorsitzender Schneider ruft zur Solidarit\u00e4t auf"},"content":{"rendered":"<p class=\"MsoPlainText\">Bremen (epd). Der fr\u00fchere Ratsvorsitzende der Evangelischen Kirche in Deutschland (EKD), Nikolaus Schneider, hat zur Solidarit\u00e4t im Kampf f\u00fcr Gerechtigkeit und gegen Unterdr\u00fcckung aufgerufen. \u00abEs ist m\u00f6glich, sich dem Unrecht und den Todesm\u00e4chten entgegenzustellen\u00bb, sagte Schneider am Montag in einem \u00f6kumenischen Rundfunkgottesdienst zum \u00abTag der Arbeit\u00bb aus der Bremer Liebfrauenkirche. Der Gottesdienst stand wie die bundesweiten gewerkschaftlichen Kundgebungen am Maifeiertag unter dem Motto \u00abUngebrochen solidarisch\u00bb.<\/p>\n<p class=\"MsoPlainText\">&nbsp;<\/p>\n<p class=\"MsoPlainText\">\u00abMit einem langen Atem, der auch eine Eigenschaft des Geistes Gottes ist, und gegen manchen Augenschein wird dem W\u00fcten des B\u00f6sen auch durch solidarisches Handeln von Menschen Grenzen gesetzt\u00bb, bekr\u00e4ftigte Schneider. Solidarit\u00e4t sei eine unverzichtbare Grundlage im Ringen um gerechtes Zusammenleben in pluralen Gesellschaften und zwischen den V\u00f6lkern. Auch im Wort Gottes sei Solidarit\u00e4t zentral: \u00abEs ging und geht immer auch um N\u00e4chstenliebe, F\u00fcrsorge und das Eintreten f\u00fcr die Menschenrechte von Benachteiligten, Unterdr\u00fcckten und Geschundenen.\u00bb<\/p>\n<p class=\"MsoPlainText\">&nbsp;<\/p>\n<p class=\"MsoPlainText\">Schneider betonte, zwischenmenschliche Solidarit\u00e4t und Gemeinschaftsgerechtigkeit seien notwendige Fr\u00fcchte im Glauben an Gott. Dem W\u00fcten von Todesm\u00e4chten seien Grenzen gesetzt. Der Schatz des Glaubens und des Vertrauens erm\u00f6gliche auch in Bedr\u00e4ngnis, Unterdr\u00fcckung und Verfolgung eine solidarische Lebenshaltung: \u00abSt\u00e4rker als alle Todesm\u00e4chte dieser Welt ist Gottes Lebensmacht.\u00bb<\/p>\n<p class=\"MsoPlainText\">&nbsp;<\/p>\n<p class=\"MsoPlainText\">Der ehemalige Ratsvorsitzende Schneider ist Sohn einer Arbeiterfamilie. Nach dem Theologiestudium arbeitete er unter anderem als Pfarrer in Duisburg-Rheinhausen und Moers. Von 2003 bis 2013 stand er als Pr\u00e4ses an der Spitze der Evangelischen Kirche im Rheinland, der zweitgr\u00f6\u00dften evangelischen Landeskirche. Nach dem R\u00fccktritt von Margot K\u00e4\u00dfmann \u00fcbernahm der Theologe im Februar 2010 kommissarisch den EKD-Ratsvorsitz, im November 2010 wurde er zum neuen Ratsvorsitzenden gew\u00e4hlt. Er trat im November 2014 vorzeitig zur\u00fcck, nachdem bei seiner Frau Anne Schneider Brustkrebs diagnostiziert wurde.<\/p>\n<p class=\"MsoPlainText\">&nbsp;<\/p>\n<p class=\"MsoPlainText\">Bremens Vorsitzender des Deutschen Gewerkschaftsbunds (DGB), Ernesto Harder, sagte w\u00e4hrend des Gottesdienstes, mit ihrem Motto \u00abUngebrochen solidarisch\u00bb wollten die Gewerkschaften auch daran erinnern, dass Demokratie und Freiheit keine Selbstverst\u00e4ndlichkeiten seien: \u00abHeute noch werden weltweit Menschen auf Grund ihres Einsatzes f\u00fcr Freiheit und Demokratie verfolgt &#8211; auch Gewerkschaften und ihre Mitglieder.\u00bb<\/p>\n<p>Kirche-Oldenburg<br \/>\n<a href=\"https:\/\/www.kirche-oldenburg.de\/\/aktuell\/news-niedersachsen\/artikel\/ehemaliger-ekd-ratsvorsitzender-schneider-ruft-zur-solidaritaet-auf\" target=\"_blank\" rel=\"noopener\">Ehemaliger EKD-Ratsvorsitzender Schneider ruft zur Solidarit\u00e4t auf<\/a><\/p>\n","protected":false},"excerpt":{"rendered":"<p>Bremen (epd). Der fr\u00fchere Ratsvorsitzende der Evangelischen Kirche in Deutschland (EKD), Nikolaus Schneider, hat zur Solidarit\u00e4t im Kampf f\u00fcr Gerechtigkeit und gegen Unterdr\u00fcckung aufgerufen. \u00abEs ist m\u00f6glich, sich dem Unrecht und den Todesm\u00e4chten entgegenzustellen\u00bb, sagte Schneider am Montag in einem \u00f6kumenischen Rundfunkgottesdienst zum \u00abTag der Arbeit\u00bb aus der Bremer Liebfrauenkirche. Der Gottesdienst stand wie die bundesweiten gewerkschaftlichen Kundgebungen am Maifeiertag unter dem Motto \u00abUngebrochen solidarisch\u00bb. &nbsp; \u00abMit einem langen Atem, der auch eine Eigenschaft des Geistes Gottes ist, und gegen manchen Augenschein wird dem W\u00fcten des B\u00f6sen auch durch solidarisches Handeln von Menschen Grenzen gesetzt\u00bb, bekr\u00e4ftigte Schneider. Solidarit\u00e4t sei eine&#8230;<\/p>\n","protected":false},"author":7,"featured_media":0,"comment_status":"false","ping_status":"open","sticky":false,"template":"","format":"standard","meta":{"footnotes":""},"categories":[43],"tags":[44],"class_list":["post-23976","post","type-post","status-publish","format-standard","hentry","category-kirche-oldenburg","tag-kirche-oldenburg"],"_links":{"self":[{"href":"https:\/\/christusnews.de\/site\/wp-json\/wp\/v2\/posts\/23976","targetHints":{"allow":["GET"]}}],"collection":[{"href":"https:\/\/christusnews.de\/site\/wp-json\/wp\/v2\/posts"}],"about":[{"href":"https:\/\/christusnews.de\/site\/wp-json\/wp\/v2\/types\/post"}],"author":[{"embeddable":true,"href":"https:\/\/christusnews.de\/site\/wp-json\/wp\/v2\/users\/7"}],"replies":[{"embeddable":true,"href":"https:\/\/christusnews.de\/site\/wp-json\/wp\/v2\/comments?post=23976"}],"version-history":[{"count":1,"href":"https:\/\/christusnews.de\/site\/wp-json\/wp\/v2\/posts\/23976\/revisions"}],"predecessor-version":[{"id":23977,"href":"https:\/\/christusnews.de\/site\/wp-json\/wp\/v2\/posts\/23976\/revisions\/23977"}],"wp:attachment":[{"href":"https:\/\/christusnews.de\/site\/wp-json\/wp\/v2\/media?parent=23976"}],"wp:term":[{"taxonomy":"category","embeddable":true,"href":"https:\/\/christusnews.de\/site\/wp-json\/wp\/v2\/categories?post=23976"},{"taxonomy":"post_tag","embeddable":true,"href":"https:\/\/christusnews.de\/site\/wp-json\/wp\/v2\/tags?post=23976"}],"curies":[{"name":"wp","href":"https:\/\/api.w.org\/{rel}","templated":true}]}}