{"id":23978,"date":"2023-05-01T10:38:00","date_gmt":"2023-05-01T08:38:00","guid":{"rendered":"https:\/\/christusnews.de\/site\/nach-langer-pause-erstmals-wieder-orgeltage-elbe-weser\/"},"modified":"2023-05-02T11:17:22","modified_gmt":"2023-05-02T09:17:22","slug":"nach-langer-pause-erstmals-wieder-orgeltage-elbe-weser","status":"publish","type":"post","link":"https:\/\/christusnews.de\/site\/nach-langer-pause-erstmals-wieder-orgeltage-elbe-weser\/","title":{"rendered":"Nach langer Pause erstmals wieder \u00abOrgeltage Elbe-Weser\u00bb"},"content":{"rendered":"<p class=\"MsoPlainText\">Stade\/Elbe-Weser (epd). Nach einer mehrj\u00e4hrigen Pause l\u00e4dt die Orgelakademie in Stade erstmals wieder zu den \u00abOrgeltagen Elbe-Weser\u00bb ein. Zwischen Himmelfahrt und Pfingsten (18. bis 29. Mai) haben Organistinnen und Organisten der Region eine Veranstaltungsreihe f\u00fcr alle Altersgruppen zusammengestellt, wie die k\u00fcnstlerische Mitarbeiterin der Orgelakademie, Annegret Sch\u00f6nbeck, am Sonnabend mitteilte. Geplant seien insgesamt 23 Veranstaltungen an 15 Orten, \u00absowohl im l\u00e4ndlichen Raum wie auch in kirchenmusikalischen Zentren\u00bb.<\/p>\n<p class=\"MsoPlainText\">&nbsp;<\/p>\n<p class=\"MsoPlainText\">Die Orgeltage starten am Himmelfahrtstag in Kehdingen mit dem \u00abOederquarter Orgelfr\u00fchling\u00bb. Zum Abschluss soll in Buxtehude dem Komponisten, Organisten, Pianisten und Dirigenten Max Reger (1873-1916) ein \u00abLebensbild in Musik und Bildern\u00bb gewidmet werden.&nbsp;Anlass ist der 150. Geburtstag Regers, den die Musikszene in diesem Jahr feiert.<\/p>\n<p class=\"MsoPlainText\">&nbsp;<\/p>\n<p class=\"MsoPlainText\">\u00abEin Familienkonzert haben wir in Grasberg am Pfingstsonntag im Programm, bei dem sogar ein Orgelgeist in Erscheinung tritt\u00bb, k\u00fcndigte Sch\u00f6nbeck an. In Neuenkirchen und Buxtehude sollen \u00fcberdies per Kamera ungew\u00f6hnliche Einblicke in die Orgel gew\u00e4hrt werden. \u00abWer selbst einmal die Orgel spielen m\u00f6chte, hat dazu in Bremerhaven Gelegenheit\u00bb, erg\u00e4nzte die Kirchenmusikerin. \u00abUnd es gibt weitere moderierte Konzerte und Veranstaltungen in Bad Bederkesa, Neuenfelde, Rotenburg\/W\u00fcmme, Steinkirchen, Verden und Worpswede.\u00bb<\/p>\n<p>Kirche-Oldenburg<br \/>\n<a href=\"https:\/\/www.kirche-oldenburg.de\/\/aktuell\/news-niedersachsen\/artikel\/nach-langer-pause-erstmals-wieder-orgeltage-elbe-weser\" target=\"_blank\" rel=\"noopener\">Nach langer Pause erstmals wieder \u00abOrgeltage Elbe-Weser\u00bb<\/a><\/p>\n","protected":false},"excerpt":{"rendered":"<p>Stade\/Elbe-Weser (epd). Nach einer mehrj\u00e4hrigen Pause l\u00e4dt die Orgelakademie in Stade erstmals wieder zu den \u00abOrgeltagen Elbe-Weser\u00bb ein. Zwischen Himmelfahrt und Pfingsten (18. bis 29. Mai) haben Organistinnen und Organisten der Region eine Veranstaltungsreihe f\u00fcr alle Altersgruppen zusammengestellt, wie die k\u00fcnstlerische Mitarbeiterin der Orgelakademie, Annegret Sch\u00f6nbeck, am Sonnabend mitteilte. Geplant seien insgesamt 23 Veranstaltungen an 15 Orten, \u00absowohl im l\u00e4ndlichen Raum wie auch in kirchenmusikalischen Zentren\u00bb. &nbsp; Die Orgeltage starten am Himmelfahrtstag in Kehdingen mit dem \u00abOederquarter Orgelfr\u00fchling\u00bb. Zum Abschluss soll in Buxtehude dem Komponisten, Organisten, Pianisten und Dirigenten Max Reger (1873-1916) ein \u00abLebensbild in Musik und Bildern\u00bb gewidmet werden.&nbsp;Anlass&#8230;<\/p>\n","protected":false},"author":7,"featured_media":0,"comment_status":"false","ping_status":"open","sticky":false,"template":"","format":"standard","meta":{"footnotes":""},"categories":[43],"tags":[44],"class_list":["post-23978","post","type-post","status-publish","format-standard","hentry","category-kirche-oldenburg","tag-kirche-oldenburg"],"_links":{"self":[{"href":"https:\/\/christusnews.de\/site\/wp-json\/wp\/v2\/posts\/23978","targetHints":{"allow":["GET"]}}],"collection":[{"href":"https:\/\/christusnews.de\/site\/wp-json\/wp\/v2\/posts"}],"about":[{"href":"https:\/\/christusnews.de\/site\/wp-json\/wp\/v2\/types\/post"}],"author":[{"embeddable":true,"href":"https:\/\/christusnews.de\/site\/wp-json\/wp\/v2\/users\/7"}],"replies":[{"embeddable":true,"href":"https:\/\/christusnews.de\/site\/wp-json\/wp\/v2\/comments?post=23978"}],"version-history":[{"count":1,"href":"https:\/\/christusnews.de\/site\/wp-json\/wp\/v2\/posts\/23978\/revisions"}],"predecessor-version":[{"id":23979,"href":"https:\/\/christusnews.de\/site\/wp-json\/wp\/v2\/posts\/23978\/revisions\/23979"}],"wp:attachment":[{"href":"https:\/\/christusnews.de\/site\/wp-json\/wp\/v2\/media?parent=23978"}],"wp:term":[{"taxonomy":"category","embeddable":true,"href":"https:\/\/christusnews.de\/site\/wp-json\/wp\/v2\/categories?post=23978"},{"taxonomy":"post_tag","embeddable":true,"href":"https:\/\/christusnews.de\/site\/wp-json\/wp\/v2\/tags?post=23978"}],"curies":[{"name":"wp","href":"https:\/\/api.w.org\/{rel}","templated":true}]}}