{"id":23982,"date":"2023-04-30T10:36:00","date_gmt":"2023-04-30T08:36:00","guid":{"rendered":"https:\/\/christusnews.de\/site\/kirchlicher-dienst-sieht-positive-effekte-der-vier-tage-woche\/"},"modified":"2023-05-02T11:17:23","modified_gmt":"2023-05-02T09:17:23","slug":"kirchlicher-dienst-sieht-positive-effekte-der-vier-tage-woche","status":"publish","type":"post","link":"https:\/\/christusnews.de\/site\/kirchlicher-dienst-sieht-positive-effekte-der-vier-tage-woche\/","title":{"rendered":"Kirchlicher Dienst sieht positive Effekte der Vier-Tage-Woche"},"content":{"rendered":"<p class=\"MsoPlainText\">Hannover (epd). Eine Verk\u00fcrzung der Arbeitszeit auf eine Vier-Tage-Woche bei vollem Lohnausgleich l\u00e4sst sich aus Sicht des Kirchlichen Dienstes in der Arbeitswelt der hannoverschen Landeskirche ohne Produktivit\u00e4tseinbu\u00dfen umsetzen. Sie habe \u00fcberdies einen positiven Effekt auf eine gesundheitsf\u00f6rderliche Arbeits- und Lebensgestaltung, erkl\u00e4rte Referentin Laura Bekierman in einer Wortmeldung zum \u00abTag der Arbeit\u00bb am 1. Mai. Durch die Einf\u00fchrung k\u00f6nne Zeit gewonnen werden, um den sozial-\u00f6kologischen Umbau der Gesellschaft gesund gestalten zu k\u00f6nnen.<\/p>\n<p class=\"MsoPlainText\">&nbsp;<\/p>\n<p class=\"MsoPlainText\">Die Vier-Tage-Woche habe in den vergangenen f\u00fcnf Jahren zunehmend an Bedeutung gewonnen, schrieb Bekierman. \u00abVon einer utopischen Idee setzt sie sich langsam zu einem realisierbaren Arbeitszeitmodell durch.\u00bb Besch\u00e4ftigte bef\u00fcrworteten das Modell unter anderem aus Frustration \u00fcber die schlechte Vereinbarkeit von Beruf und Familie. Zus\u00e4tzlich gebe es die Tendenz, den Stellenwert von Arbeit im Leben anders zu definieren &#8211; zugunsten der Freizeit.<\/p>\n<p class=\"MsoPlainText\">&nbsp;<\/p>\n<p class=\"MsoPlainText\">Die kirchliche Arbeitsmarktexpertin erg\u00e4nzte, f\u00fcr Unternehmerinnen und Unternehmer werde es mehr und mehr zu einem Instrument, um Fachkr\u00e4fte f\u00fcr sich zu gewinnen: \u00abInsbesondere im Handwerk machten durch die Umstellung schon einige Betriebe auf sich aufmerksam.\u00bb<\/p>\n<p class=\"MsoPlainText\">&nbsp;<\/p>\n<p class=\"MsoPlainText\">Bekierman verwies auf eine Untersuchung, an der in Gro\u00dfbritannien von Juni bis Dezember 2022 mehr als 60 Unternehmen und rund 2.900 Besch\u00e4ftigte teilgenommen hatten. \u00abZentrales Ergebnis der Studie ist, dass die Vier-Tage-Woche eine Reihe positiver Effekte mit sich bringt.\u00bb So habe sich das Wohlbefinden der Besch\u00e4ftigten deutlich verbessert. Burn-out-Niveau, Angstzust\u00e4nde, M\u00fcdigkeit und Schlafprobleme seien genauso zur\u00fcckgegangen wie die Krankheitstage. Bef\u00fcrchtete Produktivit\u00e4tseinbu\u00dfen seien nicht festgestellt worden.<\/p>\n<p class=\"MsoPlainText\">&nbsp;<\/p>\n<p class=\"MsoPlainText\">Kritik an der Vier-Tage-Woche mit Lohnausgleich kommt unter anderem vom Arbeitgeberverband BDA. Wirtschaftlich sei das eine Milchm\u00e4dchenrechnung, sagte BDA-Hauptgesch\u00e4ftsf\u00fchrer Kampeter der \u00abBild am Sonntag\u00bb. Als Dachverband der Arbeitgeber habe man aber nichts gegen individuelle L\u00f6sungen in den Betrieben. Man pl\u00e4diere sehr f\u00fcr eine Flexibilisierung des Arbeitszeitrechts.<\/p>\n<p>Kirche-Oldenburg<br \/>\n<a href=\"https:\/\/www.kirche-oldenburg.de\/\/aktuell\/news-niedersachsen\/artikel\/kirchlicher-dienst-sieht-positive-effekte-der-vier-tage-woche\" target=\"_blank\" rel=\"noopener\">Kirchlicher Dienst sieht positive Effekte der Vier-Tage-Woche<\/a><\/p>\n","protected":false},"excerpt":{"rendered":"<p>Hannover (epd). Eine Verk\u00fcrzung der Arbeitszeit auf eine Vier-Tage-Woche bei vollem Lohnausgleich l\u00e4sst sich aus Sicht des Kirchlichen Dienstes in der Arbeitswelt der hannoverschen Landeskirche ohne Produktivit\u00e4tseinbu\u00dfen umsetzen. Sie habe \u00fcberdies einen positiven Effekt auf eine gesundheitsf\u00f6rderliche Arbeits- und Lebensgestaltung, erkl\u00e4rte Referentin Laura Bekierman in einer Wortmeldung zum \u00abTag der Arbeit\u00bb am 1. Mai. Durch die Einf\u00fchrung k\u00f6nne Zeit gewonnen werden, um den sozial-\u00f6kologischen Umbau der Gesellschaft gesund gestalten zu k\u00f6nnen. &nbsp; Die Vier-Tage-Woche habe in den vergangenen f\u00fcnf Jahren zunehmend an Bedeutung gewonnen, schrieb Bekierman. \u00abVon einer utopischen Idee setzt sie sich langsam zu einem realisierbaren Arbeitszeitmodell durch.\u00bb Besch\u00e4ftigte&#8230;<\/p>\n","protected":false},"author":7,"featured_media":0,"comment_status":"false","ping_status":"open","sticky":false,"template":"","format":"standard","meta":{"footnotes":""},"categories":[43],"tags":[44],"class_list":["post-23982","post","type-post","status-publish","format-standard","hentry","category-kirche-oldenburg","tag-kirche-oldenburg"],"_links":{"self":[{"href":"https:\/\/christusnews.de\/site\/wp-json\/wp\/v2\/posts\/23982","targetHints":{"allow":["GET"]}}],"collection":[{"href":"https:\/\/christusnews.de\/site\/wp-json\/wp\/v2\/posts"}],"about":[{"href":"https:\/\/christusnews.de\/site\/wp-json\/wp\/v2\/types\/post"}],"author":[{"embeddable":true,"href":"https:\/\/christusnews.de\/site\/wp-json\/wp\/v2\/users\/7"}],"replies":[{"embeddable":true,"href":"https:\/\/christusnews.de\/site\/wp-json\/wp\/v2\/comments?post=23982"}],"version-history":[{"count":1,"href":"https:\/\/christusnews.de\/site\/wp-json\/wp\/v2\/posts\/23982\/revisions"}],"predecessor-version":[{"id":23983,"href":"https:\/\/christusnews.de\/site\/wp-json\/wp\/v2\/posts\/23982\/revisions\/23983"}],"wp:attachment":[{"href":"https:\/\/christusnews.de\/site\/wp-json\/wp\/v2\/media?parent=23982"}],"wp:term":[{"taxonomy":"category","embeddable":true,"href":"https:\/\/christusnews.de\/site\/wp-json\/wp\/v2\/categories?post=23982"},{"taxonomy":"post_tag","embeddable":true,"href":"https:\/\/christusnews.de\/site\/wp-json\/wp\/v2\/tags?post=23982"}],"curies":[{"name":"wp","href":"https:\/\/api.w.org\/{rel}","templated":true}]}}