{"id":23986,"date":"2023-04-29T10:29:00","date_gmt":"2023-04-29T08:29:00","guid":{"rendered":"https:\/\/christusnews.de\/site\/gutachten-abich-schwieg-ueber-taetigkeit-in-der-ns-zeit\/"},"modified":"2023-05-02T11:17:24","modified_gmt":"2023-05-02T09:17:24","slug":"gutachten-abich-schwieg-ueber-taetigkeit-in-der-ns-zeit","status":"publish","type":"post","link":"https:\/\/christusnews.de\/site\/gutachten-abich-schwieg-ueber-taetigkeit-in-der-ns-zeit\/","title":{"rendered":"Gutachten: Abich schwieg \u00fcber T\u00e4tigkeit in der NS-Zeit"},"content":{"rendered":"<p class=\"MsoPlainText\">Bremen\/Stuttgart (epd). Der fr\u00fchere ARD-Programmdirektor Hans Abich&nbsp;(1918-2003) hat falsche Angaben zu seiner Biografie w\u00e4hrend des Nationalsozialismus gemacht. Wie die ARD am Samstag mitteilte, best\u00e4tigte eine Untersuchung durch den Salzburger Kommunikationswissenschaftler Thomas Birkner, dass Abich \u00abentgegen seiner eigenen Erz\u00e4hlung f\u00fcr das Propagandaministerium und f\u00fcr Zeitschriften der Studentenschaft, die die damalige Ideologie transportierten\u00bb, t\u00e4tig war.<\/p>\n<p class=\"MsoPlainText\">&nbsp;<\/p>\n<p class=\"MsoPlainText\">Nach Einsch\u00e4tzung des Gutachtens war der 1918 geborene Abich als junger Mann \u00abin der Funktionskette des Regimes nicht weit aufger\u00fcckt, aber dennoch Teil einer S\u00e4ule des NS-Regimes, die die faschistische Ideologie f\u00f6rderte\u00bb, teilte die ARD mit. Damit habe er \u00abzur Verbreitung und Legitimation von Rassismus und Antisemitismus, von F\u00fchrerkult und Kriegsbegeisterung\u00bb beigetragen.<\/p>\n<p class=\"MsoPlainText\">&nbsp;<\/p>\n<p class=\"MsoPlainText\">Der von der Historischen Kommission der ARD beauftragte Gutachter Birkner sagte, Abich habe seine Rolle als NS-Publizist nach 1945 gr\u00f6\u00dftenteils verschwiegen: \u00abEine selbstkritische Reflexion fand nicht statt.\u00bb Abich habe auch bez\u00fcglich seiner Mitgliedschaft in der NSDAP gelogen. Birkner schreibt in dem Gutachten, man k\u00f6nne Abich jedoch zugutehalten, \u00abdass er nach 1945 im Rahmen seiner M\u00f6glichkeiten tatkr\u00e4ftig dazu beigetragen hat, dass das Demokratieexperiment der Deutschen erfolgreich war\u00bb. Sein Name habe sich nach dem Krieg auch nicht \u00abim Dunstkreis\u00bb alter Nationalsozialisten gefunden.<\/p>\n<p class=\"MsoPlainText\">&nbsp;<\/p>\n<p class=\"MsoPlainText\">Abich war nach dem Zweiten Weltkrieg in der Bundesrepublik Deutschland als Filmproduzent und Fernsehmacher bekannt geworden. Von 1961 bis 1968 war er Programmdirektor von Radio Bremen, von 1968 bis&nbsp;1973 Intendant des Bremer Senders. Von 1973 bis 1978 war er Programmdirektor der ARD. Er starb am 17. Juli 2003 im Alter von 84 Jahren in Freiburg im Breisgau.<\/p>\n<p class=\"MsoPlainText\">&nbsp;<\/p>\n<p class=\"MsoPlainText\">Der Medienmanager war auch in der Medienarbeit der evangelischen Kirche engagiert. Von 1977 bis 1979 war er Stellvertretender Vorstandsvorsitzender des Gemeinschaftswerks der Evangelischen Publizistik, zu dem auch die Zentralredaktion des Evangelischen Pressedienstes (epd) geh\u00f6rt. 1999 erhielt Abich den Robert-Geisend\u00f6rfer-Preis der Evangelischen Kirche in Deutschland f\u00fcr seine \u00abherausragenden publizistischen Leistungen\u00bb und sein Lebenswerk.<\/p>\n<p class=\"MsoPlainText\">&nbsp;<\/p>\n<p class=\"MsoPlainText\">In Interviews hatte Abich \u00fcber seinen Werdegang im Dritten Reich mehrfach gesagt, dass er nach den antij\u00fcdischen Pogromen im November 1938 innerlich auf Abstand zur Ideologie des Nationalsozialismus gegangen sei. Im November 2021 hatte \u00abDie Zeit\u00bb in einem Artikel publik gemacht, dass Abich als junger Mann Referent im Reichsministerium f\u00fcr Volksaufkl\u00e4rung und Propaganda gewesen sei.<\/p>\n<p class=\"MsoPlainText\">&nbsp;<\/p>\n<p class=\"MsoPlainText\">In dem Gutachten schreibt Birkner, Abich sei ab 1943 als stellvertretender Hauptschriftleiter f\u00fcr die vom \u00abReichsstudentenf\u00fchrer\u00bb herausgegebenen Zeitschriften \u00abGeist der Zeit\u00bb und \u00abSieg der Idee\u00bb t\u00e4tig gewesen. Zu seinen genauen T\u00e4tigkeiten f\u00fcr die Zeitschriften seien keine Akten gefunden worden. In den \u00abNachrichten des Deutschen Auslandswissenschaftlichen Instituts\u00bb habe er einige k\u00fcrzere von Abich selbst verfasste Texte gefunden, \u00abdie dem damaligen Sprachgebrauch entsprechen\u00bb. Sein Ton sei jedoch meist \u00absehr sachlich\u00bb gewesen.<\/p>\n<p class=\"MsoPlainText\">&nbsp;<\/p>\n<p class=\"MsoPlainText\">Der Gutachter kommt zu dem Schluss, wenn Abichs Texte auch \u00abzum Teil das nationalsozialistische Gedankengut transportierten, so waren es sicherlich nicht Propagandaprodukte wie jene von Henri Nannen, die 2022 noch einmal massive Medien\u00f6ffentlichkeit erhielten, obwohl sie l\u00e4ngst bekannt waren\u00bb.<\/p>\n<p class=\"MsoPlainText\">&nbsp;<\/p>\n<p class=\"MsoPlainText\">Der Vorsitzende der Historischen Kommission der ARD, Christoph Singelnstein, sagte: \u00abDie Verstrickung Hans Abichs in das NS-Propagandasystem und seine sp\u00e4tere Verdr\u00e4ngung werfen Schatten auf seine Verdienste um das demokratische Mediensystem nach 1945. Als Galionsfigur oder Vorbild taugt Hans Abich nicht mehr.\u00bb<\/p>\n<p>Kirche-Oldenburg<br \/>\n<a href=\"https:\/\/www.kirche-oldenburg.de\/\/aktuell\/news-niedersachsen\/artikel\/gutachten-abich-schwieg-ueber-taetigkeit-in-der-ns-zeit\" target=\"_blank\" rel=\"noopener\">Gutachten: Abich schwieg \u00fcber T\u00e4tigkeit in der NS-Zeit<\/a><\/p>\n","protected":false},"excerpt":{"rendered":"<p>Bremen\/Stuttgart (epd). Der fr\u00fchere ARD-Programmdirektor Hans Abich&nbsp;(1918-2003) hat falsche Angaben zu seiner Biografie w\u00e4hrend des Nationalsozialismus gemacht. Wie die ARD am Samstag mitteilte, best\u00e4tigte eine Untersuchung durch den Salzburger Kommunikationswissenschaftler Thomas Birkner, dass Abich \u00abentgegen seiner eigenen Erz\u00e4hlung f\u00fcr das Propagandaministerium und f\u00fcr Zeitschriften der Studentenschaft, die die damalige Ideologie transportierten\u00bb, t\u00e4tig war. &nbsp; Nach Einsch\u00e4tzung des Gutachtens war der 1918 geborene Abich als junger Mann \u00abin der Funktionskette des Regimes nicht weit aufger\u00fcckt, aber dennoch Teil einer S\u00e4ule des NS-Regimes, die die faschistische Ideologie f\u00f6rderte\u00bb, teilte die ARD mit. Damit habe er \u00abzur Verbreitung und Legitimation von Rassismus und&#8230;<\/p>\n","protected":false},"author":7,"featured_media":0,"comment_status":"false","ping_status":"open","sticky":false,"template":"","format":"standard","meta":{"footnotes":""},"categories":[43],"tags":[44],"class_list":["post-23986","post","type-post","status-publish","format-standard","hentry","category-kirche-oldenburg","tag-kirche-oldenburg"],"_links":{"self":[{"href":"https:\/\/christusnews.de\/site\/wp-json\/wp\/v2\/posts\/23986","targetHints":{"allow":["GET"]}}],"collection":[{"href":"https:\/\/christusnews.de\/site\/wp-json\/wp\/v2\/posts"}],"about":[{"href":"https:\/\/christusnews.de\/site\/wp-json\/wp\/v2\/types\/post"}],"author":[{"embeddable":true,"href":"https:\/\/christusnews.de\/site\/wp-json\/wp\/v2\/users\/7"}],"replies":[{"embeddable":true,"href":"https:\/\/christusnews.de\/site\/wp-json\/wp\/v2\/comments?post=23986"}],"version-history":[{"count":1,"href":"https:\/\/christusnews.de\/site\/wp-json\/wp\/v2\/posts\/23986\/revisions"}],"predecessor-version":[{"id":23987,"href":"https:\/\/christusnews.de\/site\/wp-json\/wp\/v2\/posts\/23986\/revisions\/23987"}],"wp:attachment":[{"href":"https:\/\/christusnews.de\/site\/wp-json\/wp\/v2\/media?parent=23986"}],"wp:term":[{"taxonomy":"category","embeddable":true,"href":"https:\/\/christusnews.de\/site\/wp-json\/wp\/v2\/categories?post=23986"},{"taxonomy":"post_tag","embeddable":true,"href":"https:\/\/christusnews.de\/site\/wp-json\/wp\/v2\/tags?post=23986"}],"curies":[{"name":"wp","href":"https:\/\/api.w.org\/{rel}","templated":true}]}}