{"id":24022,"date":"2023-05-03T11:30:00","date_gmt":"2023-05-03T09:30:00","guid":{"rendered":"https:\/\/christusnews.de\/site\/kirchen-europas-aussengrenzen-fuer-schutzsuchende-nicht-verschliessen\/"},"modified":"2023-05-04T23:17:23","modified_gmt":"2023-05-04T21:17:23","slug":"kirchen-europas-aussengrenzen-fuer-schutzsuchende-nicht-verschliessen","status":"publish","type":"post","link":"https:\/\/christusnews.de\/site\/kirchen-europas-aussengrenzen-fuer-schutzsuchende-nicht-verschliessen\/","title":{"rendered":"Kirchen: Europas Au\u00dfengrenzen f\u00fcr Schutzsuchende nicht verschlie\u00dfen"},"content":{"rendered":"<p class=\"MsoPlainText\">Hannover\/Bonn (epd). Die Kirchen in Deutschland haben zu mehr Schutz f\u00fcr Fl\u00fcchtlinge aufgerufen. Es k\u00f6nne niemals eine L\u00f6sung sein, die europ\u00e4ischen Au\u00dfengrenzen f\u00fcr Schutzsuchende zu verschlie\u00dfen, hei\u00dft es in einem am Mittwoch ver\u00f6ffentlichten Gemeinsamen Wort zur 48. Interkulturellen Woche im September. Die j\u00e4hrlich stattfindende Woche ist eine Initiative der katholischen Deutschen Bischofskonferenz, der Evangelischen Kirche in Deutschland (EKD) und der Griechisch-Orthodoxen Metropolie. Der bundesweite Auftakt ist in Bottrop.<\/p>\n<p class=\"MsoPlainText\">&nbsp;<\/p>\n<p class=\"MsoPlainText\">Der Bischofskonferenz-Vorsitzende Georg B\u00e4tzing, die EKD-Ratsvorsitzende Annette Kurschus und der Vorsitzende der Orthodoxen Bischofskonferenz in Deutschland, Metropolit Augoustinos, appellieren in ihrem Wort an Politik und Verwaltung, \u00abdas Recht auf Asyl zu verteidigen, faire Verfahren zu garantieren und Menschen in Not zu ihrem Recht zu verhelfen\u00bb. Dies schlie\u00dfe eine w\u00fcrdige und sichere Unterbringung ein, insbesondere von denen, die am verletzlichsten seien.<\/p>\n<p class=\"MsoPlainText\">&nbsp;<\/p>\n<p class=\"MsoPlainText\">In ihrem Gemeinsamen Wort gehen Kurschus, B\u00e4tzing und Augoustinos auf die Fl\u00fcchtlinge aus den weltweiten Krisenregionen ein: \u00abSie alle sind vor Not, Unrecht, Terror, Gewalt und Zerst\u00f6rung in ihren Herkunftsl\u00e4ndern geflohen und auf unsere Hilfe angewiesen. Deshalb darf es auch keine Fl\u00fcchtlinge erster und zweiter Klasse geben.\u00bb<\/p>\n<p class=\"MsoPlainText\">&nbsp;<\/p>\n<p class=\"MsoPlainText\">Mit Blick auf die Aufnahme von Fl\u00fcchtlingen aus der Ukraine heben die drei Unterzeichnenden die Unterst\u00fctzung durch Kommunen und B\u00fcrger in Deutschland hervor: \u00abWir sind dankbar f\u00fcr das hohe Ma\u00df an Solidarit\u00e4t und Hilfsbereitschaft in der Zivilgesellschaft. Und dankbar sind wir auch f\u00fcr das gro\u00dfe Engagement der St\u00e4dte und Gemeinden. Sie leisten Gro\u00dfartiges bei der schnellen Aufnahme von Gefl\u00fcchteten.\u00bb<\/p>\n<p class=\"MsoPlainText\">&nbsp;<\/p>\n<p class=\"MsoPlainText\">&nbsp;Der russische Angriffskrieg gegen die Ukraine f\u00fchre in dramatischer Weise vor Augen, dass die zivilisatorische Leistung eines friedlichen Zusammenlebens zerbrechlich sei. \u00abWeder im Gro\u00dfen, in den Beziehungen zwischen V\u00f6lkern und Nationen, noch im Kleinen, in der Gestaltung des gesellschaftlichen Alltags in kultureller Vielfalt, ist das friedliche Zusammenleben der Menschen etwas Selbstverst\u00e4ndliches\u00bb, so die drei Vorsitzenden.<\/p>\n<p class=\"MsoPlainText\">&nbsp;<\/p>\n<p class=\"MsoPlainText\">Die Interkulturelle Woche vom 24. September bis 1. Oktober steht unter dem Leitthema \u00abNeue R\u00e4ume\u00bb. Sie findet seit 1975 Ende September statt und wird von Kirchen, Kommunen, Wohlfahrtsverb\u00e4nden, Gewerkschaften, Integrationsbeir\u00e4ten und -beauftragten, Migrantinnen- und Migrantenorganisationen, Religionsgemeinschaften und Initiativgruppen unterst\u00fctzt und mitgetragen. In mehr als 600 St\u00e4dten und Gemeinden gibt es den Angaben zufolge rund 5.000 Veranstaltungen. Der nationale \u00abTag des Fl\u00fcchtlings\u00bb, dieses Jahr am 29. September, ist Bestandteil der Interkulturellen Woche.<\/p>\n<p>Kirche-Oldenburg<br \/>\n<a href=\"https:\/\/www.kirche-oldenburg.de\/\/aktuell\/news-niedersachsen\/artikel\/kirchen-europas-aussengrenzen-fuer-schutzsuchende-nicht-verschliessen\" target=\"_blank\" rel=\"noopener\">Kirchen: Europas Au\u00dfengrenzen f\u00fcr Schutzsuchende nicht verschlie\u00dfen<\/a><\/p>\n","protected":false},"excerpt":{"rendered":"<p>Hannover\/Bonn (epd). Die Kirchen in Deutschland haben zu mehr Schutz f\u00fcr Fl\u00fcchtlinge aufgerufen. Es k\u00f6nne niemals eine L\u00f6sung sein, die europ\u00e4ischen Au\u00dfengrenzen f\u00fcr Schutzsuchende zu verschlie\u00dfen, hei\u00dft es in einem am Mittwoch ver\u00f6ffentlichten Gemeinsamen Wort zur 48. Interkulturellen Woche im September. Die j\u00e4hrlich stattfindende Woche ist eine Initiative der katholischen Deutschen Bischofskonferenz, der Evangelischen Kirche in Deutschland (EKD) und der Griechisch-Orthodoxen Metropolie. Der bundesweite Auftakt ist in Bottrop. &nbsp; Der Bischofskonferenz-Vorsitzende Georg B\u00e4tzing, die EKD-Ratsvorsitzende Annette Kurschus und der Vorsitzende der Orthodoxen Bischofskonferenz in Deutschland, Metropolit Augoustinos, appellieren in ihrem Wort an Politik und Verwaltung, \u00abdas Recht auf Asyl zu&#8230;<\/p>\n","protected":false},"author":7,"featured_media":0,"comment_status":"false","ping_status":"open","sticky":false,"template":"","format":"standard","meta":{"footnotes":""},"categories":[43],"tags":[44],"class_list":["post-24022","post","type-post","status-publish","format-standard","hentry","category-kirche-oldenburg","tag-kirche-oldenburg"],"_links":{"self":[{"href":"https:\/\/christusnews.de\/site\/wp-json\/wp\/v2\/posts\/24022","targetHints":{"allow":["GET"]}}],"collection":[{"href":"https:\/\/christusnews.de\/site\/wp-json\/wp\/v2\/posts"}],"about":[{"href":"https:\/\/christusnews.de\/site\/wp-json\/wp\/v2\/types\/post"}],"author":[{"embeddable":true,"href":"https:\/\/christusnews.de\/site\/wp-json\/wp\/v2\/users\/7"}],"replies":[{"embeddable":true,"href":"https:\/\/christusnews.de\/site\/wp-json\/wp\/v2\/comments?post=24022"}],"version-history":[{"count":1,"href":"https:\/\/christusnews.de\/site\/wp-json\/wp\/v2\/posts\/24022\/revisions"}],"predecessor-version":[{"id":24023,"href":"https:\/\/christusnews.de\/site\/wp-json\/wp\/v2\/posts\/24022\/revisions\/24023"}],"wp:attachment":[{"href":"https:\/\/christusnews.de\/site\/wp-json\/wp\/v2\/media?parent=24022"}],"wp:term":[{"taxonomy":"category","embeddable":true,"href":"https:\/\/christusnews.de\/site\/wp-json\/wp\/v2\/categories?post=24022"},{"taxonomy":"post_tag","embeddable":true,"href":"https:\/\/christusnews.de\/site\/wp-json\/wp\/v2\/tags?post=24022"}],"curies":[{"name":"wp","href":"https:\/\/api.w.org\/{rel}","templated":true}]}}