{"id":24024,"date":"2023-05-03T11:29:00","date_gmt":"2023-05-03T09:29:00","guid":{"rendered":"https:\/\/christusnews.de\/site\/ekd-auslandsbischoefin-freie-medien-sind-fundament-der-demokratie\/"},"modified":"2023-05-04T23:17:23","modified_gmt":"2023-05-04T21:17:23","slug":"ekd-auslandsbischoefin-freie-medien-sind-fundament-der-demokratie","status":"publish","type":"post","link":"https:\/\/christusnews.de\/site\/ekd-auslandsbischoefin-freie-medien-sind-fundament-der-demokratie\/","title":{"rendered":"EKD-Auslandsbisch\u00f6fin: Freie Medien sind Fundament der Demokratie"},"content":{"rendered":"<p class=\"MsoPlainText\">Hannover (epd). Die Auslandsbisch\u00f6fin der Evangelischen Kirche in Deutschland (EKD), Petra Bosse-Huber, hat zur Verteidigung der weltweiten Pressefreiheit aufgerufen. \u00abFreie Medien sind das Fundament von Freiheit und Demokratie\u00bb, erkl\u00e4rte Bosse-Huber am Mittwoch zum Internationalen Tag der Pressefreiheit. In diesem Jahr falle die Bilanz besonders bitter aus: \u00abNoch nie waren so viele Medienschaffende weltweit inhaftiert wie heute.\u00bb<\/p>\n<p class=\"MsoPlainText\">&nbsp;<\/p>\n<p class=\"MsoPlainText\">Nicht zuletzt in China, Myanmar, Iran, Vietnam, Russland und Belarus sitzen der EKD-Auslandsbisch\u00f6fin zufolge viele Journalistinnen und Journalisten im Gef\u00e4ngnis, weil sie kritisch und unabh\u00e4ngig berichtet haben. Bosse-Huber: \u00abUnd auch in zahlreichen anderen Staaten riskieren Medienschaffende t\u00e4glich ihre Freiheit und Sicherheit f\u00fcr unsere Nachrichten.\u00bb<\/p>\n<p class=\"MsoPlainText\">&nbsp;<\/p>\n<p class=\"MsoPlainText\">Auch Kirchen h\u00e4tten die Aufgabe, die Pressefreiheit zu verteidigen und f\u00fcr verfolgte Journalistinnen und Journalisten sowie f\u00fcr Medien, Whistleblower und Blogger einzustehen, f\u00fcgte Bosse-Huber hinzu. In der Bibel stehe: \u00abTu deinen Mund auf f\u00fcr die Stummen und f\u00fcr die Sache aller, die verlassen sind.\u00bb (Spr\u00fcche 31,8). \u00abUnd so nutzen wir unsere Freiheit, um an diejenigen zu erinnern, die mundtot gemacht werden sollen, weil sie Wahrheit und Wahrhaftigkeit verteidigen gegen L\u00fcgen und Fake-News, gegen Zensur und Propaganda\u00bb, betonte die Theologin.<\/p>\n<p>Kirche-Oldenburg<br \/>\n<a href=\"https:\/\/www.kirche-oldenburg.de\/\/aktuell\/news-niedersachsen\/artikel\/ekd-auslandsbischoefin-freie-medien-sind-fundament-der-demokratie\" target=\"_blank\" rel=\"noopener\">EKD-Auslandsbisch\u00f6fin: Freie Medien sind Fundament der Demokratie<\/a><\/p>\n","protected":false},"excerpt":{"rendered":"<p>Hannover (epd). Die Auslandsbisch\u00f6fin der Evangelischen Kirche in Deutschland (EKD), Petra Bosse-Huber, hat zur Verteidigung der weltweiten Pressefreiheit aufgerufen. \u00abFreie Medien sind das Fundament von Freiheit und Demokratie\u00bb, erkl\u00e4rte Bosse-Huber am Mittwoch zum Internationalen Tag der Pressefreiheit. In diesem Jahr falle die Bilanz besonders bitter aus: \u00abNoch nie waren so viele Medienschaffende weltweit inhaftiert wie heute.\u00bb &nbsp; Nicht zuletzt in China, Myanmar, Iran, Vietnam, Russland und Belarus sitzen der EKD-Auslandsbisch\u00f6fin zufolge viele Journalistinnen und Journalisten im Gef\u00e4ngnis, weil sie kritisch und unabh\u00e4ngig berichtet haben. Bosse-Huber: \u00abUnd auch in zahlreichen anderen Staaten riskieren Medienschaffende t\u00e4glich ihre Freiheit und Sicherheit f\u00fcr unsere&#8230;<\/p>\n","protected":false},"author":7,"featured_media":0,"comment_status":"false","ping_status":"open","sticky":false,"template":"","format":"standard","meta":{"footnotes":""},"categories":[43],"tags":[44],"class_list":["post-24024","post","type-post","status-publish","format-standard","hentry","category-kirche-oldenburg","tag-kirche-oldenburg"],"_links":{"self":[{"href":"https:\/\/christusnews.de\/site\/wp-json\/wp\/v2\/posts\/24024","targetHints":{"allow":["GET"]}}],"collection":[{"href":"https:\/\/christusnews.de\/site\/wp-json\/wp\/v2\/posts"}],"about":[{"href":"https:\/\/christusnews.de\/site\/wp-json\/wp\/v2\/types\/post"}],"author":[{"embeddable":true,"href":"https:\/\/christusnews.de\/site\/wp-json\/wp\/v2\/users\/7"}],"replies":[{"embeddable":true,"href":"https:\/\/christusnews.de\/site\/wp-json\/wp\/v2\/comments?post=24024"}],"version-history":[{"count":1,"href":"https:\/\/christusnews.de\/site\/wp-json\/wp\/v2\/posts\/24024\/revisions"}],"predecessor-version":[{"id":24025,"href":"https:\/\/christusnews.de\/site\/wp-json\/wp\/v2\/posts\/24024\/revisions\/24025"}],"wp:attachment":[{"href":"https:\/\/christusnews.de\/site\/wp-json\/wp\/v2\/media?parent=24024"}],"wp:term":[{"taxonomy":"category","embeddable":true,"href":"https:\/\/christusnews.de\/site\/wp-json\/wp\/v2\/categories?post=24024"},{"taxonomy":"post_tag","embeddable":true,"href":"https:\/\/christusnews.de\/site\/wp-json\/wp\/v2\/tags?post=24024"}],"curies":[{"name":"wp","href":"https:\/\/api.w.org\/{rel}","templated":true}]}}