{"id":24034,"date":"2023-05-08T23:36:06","date_gmt":"2023-05-08T21:36:06","guid":{"rendered":"https:\/\/christusnews.de\/site\/schwerpunkt-gottesdienst\/"},"modified":"2023-05-09T11:18:16","modified_gmt":"2023-05-09T09:18:16","slug":"schwerpunkt-gottesdienst","status":"publish","type":"post","link":"https:\/\/christusnews.de\/site\/schwerpunkt-gottesdienst\/","title":{"rendered":"Schwerpunkt \u201eGottesdienst\u201c"},"content":{"rendered":"<p>Am Freitag, 5. Mai kam die Synode des Ev.-luth. Kirchenkreises Wesermarsch in Seefeld zu ihrer Fr\u00fchjahrtagung zusammen. Thematische Schwerpunkte waren der Gottesdienst und die B\u00fcndelung der Arbeit in den evangelischen Kindertagesst\u00e4tten.<br \/>\n&nbsp; &nbsp;<br \/>\nDer Schwerpunkt \u201eGottesdienst\u201c ging auf ein Anliegen der Synodalen zur\u00fcck. Deutlich r\u00fcckl\u00e4ufige Zahlen bei den Pfarrpersonen auf der einen und sich ausdifferenzierende Bed\u00fcrfnisse bei den Gemeindemitgliedern auf der anderen Seite machten Beratungen zu diesem Thema notwendig, wie Kreispfarrerin Geerken-Thomas in ihrer Einleitung ausf\u00fchrte. Auch die Beschr\u00e4nkungen der Corona-Zeit haben die festgef\u00fcgte Gottesdienstlandschaft in Bewegung gebracht, und, so Geerken-Thomas: \u201eSie haben z.T. sogar Impulse gesetzt, die \u00fcber die Pandemie hinaus geblieben sind. Dazu geh\u00f6ren z.B. eine gr\u00f6\u00dfere Zahl an Gottesdiensten unter freiem Himmel, k\u00fcrzere Gottesdienste und Online-Formate.\u201c<br \/>\n&nbsp; &nbsp;<br \/>\nPastor Cornelius Grohs, Referent f\u00fcr Gottesdienst und Kirchenmusik in Oldenburg, setzte mit seinem Impulsreferat einen inhaltlich klar profilierten Akzent. Seiner Auffassung nach kann die Entwicklung des Gottesdienstes in Zukunft sinnvoll nur \u201eregio-lokal\u201c gedacht werden. Das bedeutet: Die Angebote vor Ort m\u00fcssen in ein Konzept f\u00fcr die ganze Region eingebettet sein. Nur so kann eine Vielfalt des gottesdienstlichen Lebens angeboten werden, wie sie den Bed\u00fcrfnissen der Gemeindemitglieder von heute entspricht. So w\u00e4re es gut, wenn innerhalb einer Region musikalisch gepr\u00e4gte Gottesdienste genauso regelm\u00e4\u00dfig gefeiert werden wie Taiz\u00e9-Andachten, bunte Gottesdienste f\u00fcr jung und alt zu einer familienfreundlichen Uhrzeit genau so verl\u00e4sslich wie Abendmahlsgottesdienste mit voller Liturgie: \u201eGottesdienst gibt es nur noch im Plural\u201c so Pfarrer Grohs. Er warb eindringlich f\u00fcr \u201edeutlich mehr gottesdienstliche Vielfalt statt immer nur vielfach das Gleiche\u201c. Die hauptamtlichen Pfarrerinnen und Pfarrer sieht er vornehmlich in der Verantwortung f\u00fcr ein regionales vielf\u00e4ltig profiliertes Gottesdienstangebot.<br \/>\n&nbsp; &nbsp;<br \/>\nWenn zugleich in den Kirchen vor Ort regelm\u00e4\u00dfig Gottesdienste stattfinden sollen, sieht Grohs hierf\u00fcr Chancen, dass diese von kleinen ehrenamtlichen Teams vorbereitet und geleitet werden. Daf\u00fcr g\u00e4be es viele Beispiele f\u00fcr kleine Formen, die einen w\u00f6chentlichen oder 14-t\u00e4gigen Gottesdienst vor Ort m\u00f6glich machen. Pastorinnen und Pastoren haben dabei die Aufgabe, die Ehrenamtlichen darin zu unterst\u00fctzen.&nbsp;<br \/>\n&nbsp; &nbsp;<br \/>\nSchlie\u00dflich warb Grohs daf\u00fcr, bei jedem Angebot besonders die Gottesdienst-Anf\u00e4nger im Blick zu behalten. \u201eSeit der Reformation hei\u00dft Gottesdienst: Das Wesentliche muss f\u00fcr jeden verst\u00e4ndlich sein! Gottesdienste m\u00fcssen relevant und elementar sein, ohne die Botschaft zu verniedlichen.\u201c&nbsp;<br \/>\n&nbsp; &nbsp;<br \/>\nAbschlie\u00dfend ermutigte der Referent dazu, \u00fcberkommene Formen auch sterben zu lassen. Nur so gibt es Freiraum f\u00fcr Neues. Lange Zeit sei es in der Kirche so gewesen, dass die Hauptamtlichen machen und die Ehrenamtlichen ihnen dabei helfen. In Zukunft sei es umgekehrt: Das gottesdienstliche Leben wird immer mehr von den Ehrenamtlichen gestaltet, und die Hauptamtlichen unterst\u00fctzen sie dabei.<br \/>\n&nbsp; &nbsp;<br \/>\nAn das Impulsreferat schloss sich ein reger Austausch in den drei Regionen des Kirchenkreises an. Zum Teil wurden schon erste Schritte vereinbart, wie man in der Region zu einem regional abgestimmten Gottesdienstkonzept kommen will.<br \/>\n&nbsp; &nbsp;<br \/>\nIm zweiten Schwerpunkt stand die Verabschiedung der Satzung f\u00fcr den Verbund ev.-luth. Kindertagesst\u00e4tten im Kirchenkreis Wesermarsch an. Bislang befinden sich die Kindertagesst\u00e4tten in Tr\u00e4gerschaft der Kirchengemeinden. Seit langem wachsen jedoch die Anforderungen an die Gesch\u00e4ftsf\u00fchrung f\u00fcr die Kindertagesst\u00e4tten. So haben Kirchengemeinden den Kirchenkreis um die Gr\u00fcndung eines Verbundes gebeten, um die Gesch\u00e4ftsf\u00fchrungsaufgaben zu b\u00fcndeln und in hauptamtliche H\u00e4nde zu legen. Andere Kirchenkreise haben bereits solche Kita-Verb\u00fcnde gegr\u00fcndet und damit gute Erfahrungen gesammelt. Auch die Kommunen begr\u00fc\u00dfen den Umstand, dass sie es nur noch mit einem Ansprech- und Verhandlungspartner zu tun haben, auch wenn dies f\u00fcr sie mit h\u00f6heren Verwaltungsausgaben f\u00fcr die Kitas verbunden ist.<br \/>\n&nbsp; &nbsp;<br \/>\nDer Vorsitzende des Kreissynode, Rechtsanwalt Jost Richter, stellte den Synodalen den Satzungsentwurf ausf\u00fchrlich vor. Er wurde einstimmig beschlossen. Jost Richter teilte anschlie\u00dfend mit, dass er hoffte, dass der Verbund zum 1. Januar 2025 seine Arbeit aufnehmen k\u00f6nne. Bis dahin m\u00fcssen die Kirchengemeinden entscheiden, ob sie einen Aufnahmeantrag f\u00fcr ihre Kindertagesst\u00e4tte stellen.<br \/>\n&nbsp; &nbsp;<br \/>\n<em>Ein Beitrag von Pfarrer Dietmar Reumann-Cla\u00dfen<\/em><br \/>\n&nbsp;<\/p>\n<p>Kirche-Oldenburg<br \/>\n<a href=\"https:\/\/www.kirche-oldenburg.de\/\/aktuell\/aus-den-kirchenkreisen\/artikel\/schwerpunkt-gottesdienst\" target=\"_blank\" rel=\"noopener\">Schwerpunkt \u201eGottesdienst\u201c<\/a><\/p>\n","protected":false},"excerpt":{"rendered":"<p>Am Freitag, 5. Mai kam die Synode des Ev.-luth. Kirchenkreises Wesermarsch in Seefeld zu ihrer Fr\u00fchjahrtagung zusammen. Thematische Schwerpunkte waren der Gottesdienst und die B\u00fcndelung der Arbeit in den evangelischen Kindertagesst\u00e4tten. &nbsp; &nbsp; Der Schwerpunkt \u201eGottesdienst\u201c ging auf ein Anliegen der Synodalen zur\u00fcck. Deutlich r\u00fcckl\u00e4ufige Zahlen bei den Pfarrpersonen auf der einen und sich ausdifferenzierende Bed\u00fcrfnisse bei den Gemeindemitgliedern auf der anderen Seite machten Beratungen zu diesem Thema notwendig, wie Kreispfarrerin Geerken-Thomas in ihrer Einleitung ausf\u00fchrte. Auch die Beschr\u00e4nkungen der Corona-Zeit haben die festgef\u00fcgte Gottesdienstlandschaft in Bewegung gebracht, und, so Geerken-Thomas: \u201eSie haben z.T. sogar Impulse gesetzt, die \u00fcber die&#8230;<\/p>\n","protected":false},"author":7,"featured_media":0,"comment_status":"false","ping_status":"open","sticky":false,"template":"","format":"standard","meta":{"footnotes":""},"categories":[43],"tags":[44],"class_list":["post-24034","post","type-post","status-publish","format-standard","hentry","category-kirche-oldenburg","tag-kirche-oldenburg"],"_links":{"self":[{"href":"https:\/\/christusnews.de\/site\/wp-json\/wp\/v2\/posts\/24034","targetHints":{"allow":["GET"]}}],"collection":[{"href":"https:\/\/christusnews.de\/site\/wp-json\/wp\/v2\/posts"}],"about":[{"href":"https:\/\/christusnews.de\/site\/wp-json\/wp\/v2\/types\/post"}],"author":[{"embeddable":true,"href":"https:\/\/christusnews.de\/site\/wp-json\/wp\/v2\/users\/7"}],"replies":[{"embeddable":true,"href":"https:\/\/christusnews.de\/site\/wp-json\/wp\/v2\/comments?post=24034"}],"version-history":[{"count":1,"href":"https:\/\/christusnews.de\/site\/wp-json\/wp\/v2\/posts\/24034\/revisions"}],"predecessor-version":[{"id":24035,"href":"https:\/\/christusnews.de\/site\/wp-json\/wp\/v2\/posts\/24034\/revisions\/24035"}],"wp:attachment":[{"href":"https:\/\/christusnews.de\/site\/wp-json\/wp\/v2\/media?parent=24034"}],"wp:term":[{"taxonomy":"category","embeddable":true,"href":"https:\/\/christusnews.de\/site\/wp-json\/wp\/v2\/categories?post=24034"},{"taxonomy":"post_tag","embeddable":true,"href":"https:\/\/christusnews.de\/site\/wp-json\/wp\/v2\/tags?post=24034"}],"curies":[{"name":"wp","href":"https:\/\/api.w.org\/{rel}","templated":true}]}}