{"id":24036,"date":"2023-05-08T11:13:00","date_gmt":"2023-05-08T09:13:00","guid":{"rendered":"https:\/\/christusnews.de\/site\/reformierte-wollen-sich-fuer-die-zukunft-wappnen\/"},"modified":"2023-05-09T11:18:16","modified_gmt":"2023-05-09T09:18:16","slug":"reformierte-wollen-sich-fuer-die-zukunft-wappnen","status":"publish","type":"post","link":"https:\/\/christusnews.de\/site\/reformierte-wollen-sich-fuer-die-zukunft-wappnen\/","title":{"rendered":"Reformierte wollen sich f\u00fcr die Zukunft wappnen"},"content":{"rendered":"<p class=\"MsoPlainText\">Leer (epd). Die Evangelisch-reformierte Kirche will sich f\u00fcr die Herausforderungen der Zukunft wappnen. \u00abAngesichts sinkender Mitgliedszahlen und erwartbar sinkenden Einnahmen haben wir einen Strukturprozess begonnen\u00bb, sagte Kirchenpr\u00e4sidentin Susanne Bei der Wieden am Montag in Leer dem Evangelischen Pressedienst (epd). Erste Ideen dazu seien bereits an der Basis in den Gemeinden und Synodalverb\u00e4nden diskutiert worden. Die dabei gewonnenen Erkenntnisse sollen nun bei der Gesamtsynode, die vom 11. bis 12. Mai im Kloster Frenswegen bei Nordhorn tagt, in Workshops geb\u00fcndelt werden. Die Synode wird via Youtube im Live-Stream \u00fcbertragen<\/p>\n<p class=\"MsoPlainText\">&nbsp;<\/p>\n<p class=\"MsoPlainText\">\u00abUns ist sehr daran gelegen, dass dieser Prozess transparent und unter Beteiligung der Basis erfolgt\u00bb, sagte Bei der Wieden. Zentrale Themen des Prozesses seien neben einer engeren Zusammenarbeit die Neugestaltung des Pfarrdienstes, die Finanzzuweisungen an die Gemeinden, sowie die Rolle der Synodalverb\u00e4nde und der Ehrenamtlichen. Ziel sei es, die Diskussionen der Delegierten bis zur Herbstsynode in Beschlussvorlagen zu fassen.<\/p>\n<p class=\"MsoPlainText\">&nbsp;<\/p>\n<p class=\"MsoPlainText\">Weitere Themen der Synode sind der Kirchenpr\u00e4sidentin zufolge der Bericht des kirchenleitenden Gremiums Moderamen zu gesellschaftlichen und \u00f6kumenischen Themen und der Rechnungsabschluss des vergangenen Jahres. Au\u00dferdem soll ein Konzept zur Pr\u00e4vention vor sexualisierter Gewalt und das Projekt \u00abDigitale Landkarte &#8211; Orte der Begegnung mit dem Judentum in Niedersachsen\u00bb vorgestellt werden.<\/p>\n<p class=\"MsoPlainText\">&nbsp;<\/p>\n<p class=\"MsoPlainText\">Zur Evangelisch-reformierten Kirche mit Sitz in Leer geh\u00f6ren rund&nbsp;159.000 Mitglieder in 143 Gemeinden zwischen Ostfriesland und dem Allg\u00e4u. Der Gesamtsynode geh\u00f6ren 61 Delegierte an.<\/p>\n<p>Kirche-Oldenburg<br \/>\n<a href=\"https:\/\/www.kirche-oldenburg.de\/\/aktuell\/news-niedersachsen\/artikel\/reformierte-wollen-sich-fuer-die-zukunft-wappnen\" target=\"_blank\" rel=\"noopener\">Reformierte wollen sich f\u00fcr die Zukunft wappnen<\/a><\/p>\n","protected":false},"excerpt":{"rendered":"<p>Leer (epd). Die Evangelisch-reformierte Kirche will sich f\u00fcr die Herausforderungen der Zukunft wappnen. \u00abAngesichts sinkender Mitgliedszahlen und erwartbar sinkenden Einnahmen haben wir einen Strukturprozess begonnen\u00bb, sagte Kirchenpr\u00e4sidentin Susanne Bei der Wieden am Montag in Leer dem Evangelischen Pressedienst (epd). Erste Ideen dazu seien bereits an der Basis in den Gemeinden und Synodalverb\u00e4nden diskutiert worden. Die dabei gewonnenen Erkenntnisse sollen nun bei der Gesamtsynode, die vom 11. bis 12. Mai im Kloster Frenswegen bei Nordhorn tagt, in Workshops geb\u00fcndelt werden. Die Synode wird via Youtube im Live-Stream \u00fcbertragen &nbsp; \u00abUns ist sehr daran gelegen, dass dieser Prozess transparent und unter Beteiligung&#8230;<\/p>\n","protected":false},"author":7,"featured_media":0,"comment_status":"false","ping_status":"open","sticky":false,"template":"","format":"standard","meta":{"footnotes":""},"categories":[43],"tags":[44],"class_list":["post-24036","post","type-post","status-publish","format-standard","hentry","category-kirche-oldenburg","tag-kirche-oldenburg"],"_links":{"self":[{"href":"https:\/\/christusnews.de\/site\/wp-json\/wp\/v2\/posts\/24036","targetHints":{"allow":["GET"]}}],"collection":[{"href":"https:\/\/christusnews.de\/site\/wp-json\/wp\/v2\/posts"}],"about":[{"href":"https:\/\/christusnews.de\/site\/wp-json\/wp\/v2\/types\/post"}],"author":[{"embeddable":true,"href":"https:\/\/christusnews.de\/site\/wp-json\/wp\/v2\/users\/7"}],"replies":[{"embeddable":true,"href":"https:\/\/christusnews.de\/site\/wp-json\/wp\/v2\/comments?post=24036"}],"version-history":[{"count":1,"href":"https:\/\/christusnews.de\/site\/wp-json\/wp\/v2\/posts\/24036\/revisions"}],"predecessor-version":[{"id":24037,"href":"https:\/\/christusnews.de\/site\/wp-json\/wp\/v2\/posts\/24036\/revisions\/24037"}],"wp:attachment":[{"href":"https:\/\/christusnews.de\/site\/wp-json\/wp\/v2\/media?parent=24036"}],"wp:term":[{"taxonomy":"category","embeddable":true,"href":"https:\/\/christusnews.de\/site\/wp-json\/wp\/v2\/categories?post=24036"},{"taxonomy":"post_tag","embeddable":true,"href":"https:\/\/christusnews.de\/site\/wp-json\/wp\/v2\/tags?post=24036"}],"curies":[{"name":"wp","href":"https:\/\/api.w.org\/{rel}","templated":true}]}}