{"id":24038,"date":"2023-05-08T11:12:00","date_gmt":"2023-05-08T09:12:00","guid":{"rendered":"https:\/\/christusnews.de\/site\/statt-muttertag-theologin-regt-elterntag-fuer-alle-geschlechter-an\/"},"modified":"2023-05-09T11:18:17","modified_gmt":"2023-05-09T09:18:17","slug":"statt-muttertag-theologin-regt-elterntag-fuer-alle-geschlechter-an","status":"publish","type":"post","link":"https:\/\/christusnews.de\/site\/statt-muttertag-theologin-regt-elterntag-fuer-alle-geschlechter-an\/","title":{"rendered":"Statt Muttertag: Theologin regt Elterntag f\u00fcr alle Geschlechter an"},"content":{"rendered":"<p class=\"MsoPlainText\">Hildesheim (epd). Die Theologin Maren Bienert (40) fordert mit Blick auf den Muttertag (14. Mai) eine differenziertere Wahrnehmung f\u00fcr die Leistungen von M\u00fcttern sowie politische Instrumente, die Frauen mehr Wahlfreiheit \u00fcber ihre Lebensentw\u00fcrfe geben. \u00abDieser Tag m\u00fcsste dazu aufrufen, sich f\u00fcr bessere Regelungen zur Vereinbarkeit von Familie und Beruf und mehr Anerkennung f\u00fcr Care-Arbeit einzusetzen\u00bb, sagte die Professorin f\u00fcr Systematische Theologie an der Universit\u00e4t Hildesheim im Gespr\u00e4ch mit dem Evangelischen Pressedienst (epd). Auch um eine besser finanzierte Geburtshilfe und eine effektivere Unterst\u00fctzung f\u00fcr alleinerziehende M\u00fctter m\u00fcsse es gehen.<\/p>\n<p class=\"MsoPlainText\">&nbsp;<\/p>\n<p class=\"MsoPlainText\">Zudem regte Bienert an, den Muttertag durch einen geschlechter\u00fcbergreifenden \u00abElterntag\u00bb zu ersetzen, der M\u00e4nner, Frauen, queere und nonbin\u00e4re Menschen in famili\u00e4rer Verantwortung w\u00fcrdigt. \u00abDamit w\u00fcrden gleich mehrere Familienkonstellationen aufgewertet und Menschen sichtbar gemacht, die f\u00fcr Kinder Eltern sind und familiale Verantwortung \u00fcbernehmen\u00bb, betonte die evangelische Theologin, die derzeit ein f\u00e4cher\u00fcbergreifendes Forschungsprojekt zu Sexual- und familienethischen Fragen plant. Gerade V\u00e4ter w\u00fcnschten sich, in ihrer \u00dcbernahme von Care-Arbeit und F\u00fcrsorge f\u00fcr Kinder ernster genommen zu werden, \u00abals es der herk\u00f6mmliche Vatertag mit Bollerwagen und Bier suggeriert\u00bb.<\/p>\n<p class=\"MsoPlainText\">&nbsp;<\/p>\n<p class=\"MsoPlainText\">Bienert verwies auf die christlichen und kirchlichen Urspr\u00fcnge bestimmter Mutterbilder. Sie wandte sich gegen eine ausschlie\u00dflich auf Keuschheit und Duldsamkeit fokussierende Vorstellung von Maria, der Mutter Jesu. Zugleich betonte sie, Maria habe von \u00absozialen Umst\u00fcrzen\u00bb gesungen und an einen Gott geglaubt, der an der Seite von Schwachen, Armen und Unterdr\u00fcckten stehe.<\/p>\n<p class=\"MsoPlainText\">&nbsp;<\/p>\n<p class=\"MsoPlainText\">Auch der Protestantismus habe, etwa durch die \u00abreformatorische Hochsch\u00e4tzung des Kinderbekommens und Familienlebens\u00bb bestimmt Frauen- und Mutterbilder tradiert, erl\u00e4uterte die Theologin. Diese Vorstellungen w\u00fcrden problematisch, sobald Frauen auf sie reduziert w\u00fcrden oder unerbittliche Erwartungshaltungen mit ihnen einhergingen.&nbsp;Schlie\u00dflich gebe es viele Frauen, die keine Kinder bekommen k\u00f6nnten, Fehlgeburten erlitten oder sich bewusst gegen Kinder entschieden.&nbsp;\u00abVor allem um dieser Menschen willen sind Erwartungen an Frauen, dass sie M\u00fctter werden sollten oder Haltungen, die nur genetisches und biologisches Muttersein anerkennen, zu problematisieren: Denn sie verletzen Menschen\u00bb, unterstrich Bienert.<\/p>\n<p>Kirche-Oldenburg<br \/>\n<a href=\"https:\/\/www.kirche-oldenburg.de\/\/aktuell\/news-niedersachsen\/artikel\/statt-muttertag-theologin-regt-elterntag-fuer-alle-geschlechter-an\" target=\"_blank\" rel=\"noopener\">Statt Muttertag: Theologin regt Elterntag f\u00fcr alle Geschlechter an<\/a><\/p>\n","protected":false},"excerpt":{"rendered":"<p>Hildesheim (epd). Die Theologin Maren Bienert (40) fordert mit Blick auf den Muttertag (14. Mai) eine differenziertere Wahrnehmung f\u00fcr die Leistungen von M\u00fcttern sowie politische Instrumente, die Frauen mehr Wahlfreiheit \u00fcber ihre Lebensentw\u00fcrfe geben. \u00abDieser Tag m\u00fcsste dazu aufrufen, sich f\u00fcr bessere Regelungen zur Vereinbarkeit von Familie und Beruf und mehr Anerkennung f\u00fcr Care-Arbeit einzusetzen\u00bb, sagte die Professorin f\u00fcr Systematische Theologie an der Universit\u00e4t Hildesheim im Gespr\u00e4ch mit dem Evangelischen Pressedienst (epd). Auch um eine besser finanzierte Geburtshilfe und eine effektivere Unterst\u00fctzung f\u00fcr alleinerziehende M\u00fctter m\u00fcsse es gehen. &nbsp; Zudem regte Bienert an, den Muttertag durch einen geschlechter\u00fcbergreifenden \u00abElterntag\u00bb zu&#8230;<\/p>\n","protected":false},"author":7,"featured_media":0,"comment_status":"false","ping_status":"open","sticky":false,"template":"","format":"standard","meta":{"footnotes":""},"categories":[43],"tags":[44],"class_list":["post-24038","post","type-post","status-publish","format-standard","hentry","category-kirche-oldenburg","tag-kirche-oldenburg"],"_links":{"self":[{"href":"https:\/\/christusnews.de\/site\/wp-json\/wp\/v2\/posts\/24038","targetHints":{"allow":["GET"]}}],"collection":[{"href":"https:\/\/christusnews.de\/site\/wp-json\/wp\/v2\/posts"}],"about":[{"href":"https:\/\/christusnews.de\/site\/wp-json\/wp\/v2\/types\/post"}],"author":[{"embeddable":true,"href":"https:\/\/christusnews.de\/site\/wp-json\/wp\/v2\/users\/7"}],"replies":[{"embeddable":true,"href":"https:\/\/christusnews.de\/site\/wp-json\/wp\/v2\/comments?post=24038"}],"version-history":[{"count":1,"href":"https:\/\/christusnews.de\/site\/wp-json\/wp\/v2\/posts\/24038\/revisions"}],"predecessor-version":[{"id":24039,"href":"https:\/\/christusnews.de\/site\/wp-json\/wp\/v2\/posts\/24038\/revisions\/24039"}],"wp:attachment":[{"href":"https:\/\/christusnews.de\/site\/wp-json\/wp\/v2\/media?parent=24038"}],"wp:term":[{"taxonomy":"category","embeddable":true,"href":"https:\/\/christusnews.de\/site\/wp-json\/wp\/v2\/categories?post=24038"},{"taxonomy":"post_tag","embeddable":true,"href":"https:\/\/christusnews.de\/site\/wp-json\/wp\/v2\/tags?post=24038"}],"curies":[{"name":"wp","href":"https:\/\/api.w.org\/{rel}","templated":true}]}}