{"id":24040,"date":"2023-05-07T11:10:00","date_gmt":"2023-05-07T09:10:00","guid":{"rendered":"https:\/\/christusnews.de\/site\/bundesweit-fehlen-378-000-kitaplaetze\/"},"modified":"2023-05-09T11:18:17","modified_gmt":"2023-05-09T09:18:17","slug":"bundesweit-fehlen-378-000-kitaplaetze","status":"publish","type":"post","link":"https:\/\/christusnews.de\/site\/bundesweit-fehlen-378-000-kitaplaetze\/","title":{"rendered":"Bundesweit fehlen 378.000 Kitapl\u00e4tze"},"content":{"rendered":"<p class=\"MsoPlainText\">Hannover\/Berlin (epd). Trotz des Rechtsanspruchs auf Betreuung in einer Kindertagesst\u00e4tte fehlen bundesweit 378.000 Kita-Pl\u00e4tze. In der Altersgruppe 1 bis 3 Jahre fehlen 291.000 Pl\u00e4tze, in der Kategorie 3 bis 6 Jahre sind es 87.000, wie aus einer Antwort des Bundesfamilienministeriums auf eine Anfrage der Linken-Fraktion hervorgeht, die dem Evangelischen Pressedienst (epd) vorliegt. Die Angaben basieren auf Zahlen aus dem Jahr 2021. Seit zehn Jahren haben Kinder ab vollendetem ersten Lebensjahr einen Rechtsanspruch auf einen Kita-Platz.<\/p>\n<p class=\"MsoPlainText\">&nbsp;<\/p>\n<p class=\"MsoPlainText\">Zuerst hatte das \u00abRedaktionsNetzwerk Deutschland\u00bb (Sonntag) \u00fcber die Zahlen berichtet. \u00ab378.000 Kindern wird die Chance auf fr\u00fchkindliche Bildung und soziales Lernen vorenthalten\u00bb, sagte die Sprecherin f\u00fcr Kinder- und Jugendpolitik der Linken im Bundestag, Heidi Reichinnek, dem Redaktionsnetzwerk. \u00abAnstatt dass die Bundesregierung diese Zahlen zum Anlass nimmt, um Kommunen und L\u00e4ndern endlich beim Ausbau von Kitas angemessen zu unterst\u00fctzen, zieht sie sich weiter aus der Verantwortung.\u00bb<\/p>\n<p class=\"MsoPlainText\">&nbsp;<\/p>\n<p class=\"MsoPlainText\">Nach Berechnungen der Linken betragen die Kosten f\u00fcr Kitas mittlerweile j\u00e4hrlich knapp 50 Milliarden Euro. Der Bund trage davon etwa 2,8 Milliarden Euro, den Rest schulterten L\u00e4nder und Kommunen.<\/p>\n<p class=\"MsoPlainText\">&nbsp;<\/p>\n<p class=\"MsoPlainText\">\u00abDas im Koalitionsvertrag angek\u00fcndigte Investitionsprogramm f\u00fcr Kitas gibt es bis heute nicht\u00bb, kritisierte Reichinnek und f\u00fcgte&nbsp;hinzu: \u00abDie Regierung bricht wieder einmal ihre Versprechen, w\u00e4hrenddessen steht das chronisch unterfinanzierte Kitasystem kurz vor dem Kollaps.\u00bb<\/p>\n<p>Kirche-Oldenburg<br \/>\n<a href=\"https:\/\/www.kirche-oldenburg.de\/\/aktuell\/news-niedersachsen\/artikel\/bundesweit-fehlen-378000-kitaplaetze\" target=\"_blank\" rel=\"noopener\">Bundesweit fehlen 378.000 Kitapl\u00e4tze<\/a><\/p>\n","protected":false},"excerpt":{"rendered":"<p>Hannover\/Berlin (epd). Trotz des Rechtsanspruchs auf Betreuung in einer Kindertagesst\u00e4tte fehlen bundesweit 378.000 Kita-Pl\u00e4tze. In der Altersgruppe 1 bis 3 Jahre fehlen 291.000 Pl\u00e4tze, in der Kategorie 3 bis 6 Jahre sind es 87.000, wie aus einer Antwort des Bundesfamilienministeriums auf eine Anfrage der Linken-Fraktion hervorgeht, die dem Evangelischen Pressedienst (epd) vorliegt. Die Angaben basieren auf Zahlen aus dem Jahr 2021. Seit zehn Jahren haben Kinder ab vollendetem ersten Lebensjahr einen Rechtsanspruch auf einen Kita-Platz. &nbsp; Zuerst hatte das \u00abRedaktionsNetzwerk Deutschland\u00bb (Sonntag) \u00fcber die Zahlen berichtet. \u00ab378.000 Kindern wird die Chance auf fr\u00fchkindliche Bildung und soziales Lernen vorenthalten\u00bb, sagte die&#8230;<\/p>\n","protected":false},"author":7,"featured_media":0,"comment_status":"false","ping_status":"open","sticky":false,"template":"","format":"standard","meta":{"footnotes":""},"categories":[43],"tags":[44],"class_list":["post-24040","post","type-post","status-publish","format-standard","hentry","category-kirche-oldenburg","tag-kirche-oldenburg"],"_links":{"self":[{"href":"https:\/\/christusnews.de\/site\/wp-json\/wp\/v2\/posts\/24040","targetHints":{"allow":["GET"]}}],"collection":[{"href":"https:\/\/christusnews.de\/site\/wp-json\/wp\/v2\/posts"}],"about":[{"href":"https:\/\/christusnews.de\/site\/wp-json\/wp\/v2\/types\/post"}],"author":[{"embeddable":true,"href":"https:\/\/christusnews.de\/site\/wp-json\/wp\/v2\/users\/7"}],"replies":[{"embeddable":true,"href":"https:\/\/christusnews.de\/site\/wp-json\/wp\/v2\/comments?post=24040"}],"version-history":[{"count":1,"href":"https:\/\/christusnews.de\/site\/wp-json\/wp\/v2\/posts\/24040\/revisions"}],"predecessor-version":[{"id":24041,"href":"https:\/\/christusnews.de\/site\/wp-json\/wp\/v2\/posts\/24040\/revisions\/24041"}],"wp:attachment":[{"href":"https:\/\/christusnews.de\/site\/wp-json\/wp\/v2\/media?parent=24040"}],"wp:term":[{"taxonomy":"category","embeddable":true,"href":"https:\/\/christusnews.de\/site\/wp-json\/wp\/v2\/categories?post=24040"},{"taxonomy":"post_tag","embeddable":true,"href":"https:\/\/christusnews.de\/site\/wp-json\/wp\/v2\/tags?post=24040"}],"curies":[{"name":"wp","href":"https:\/\/api.w.org\/{rel}","templated":true}]}}