{"id":24044,"date":"2023-05-06T11:07:00","date_gmt":"2023-05-06T09:07:00","guid":{"rendered":"https:\/\/christusnews.de\/site\/assistierter-suizid-experten-fordern-verstaerkte-oeffentliche-debatte-kritik-an-kollektiver-todesverdraengung\/"},"modified":"2023-05-09T11:18:18","modified_gmt":"2023-05-09T09:18:18","slug":"assistierter-suizid-experten-fordern-verstaerkte-oeffentliche-debatte-kritik-an-kollektiver-todesverdraengung","status":"publish","type":"post","link":"https:\/\/christusnews.de\/site\/assistierter-suizid-experten-fordern-verstaerkte-oeffentliche-debatte-kritik-an-kollektiver-todesverdraengung\/","title":{"rendered":"Assistierter Suizid: Experten fordern verst\u00e4rkte \u00f6ffentliche Debatte  &#8211; Kritik an \u00abkollektiver Todesverdr\u00e4ngung\u00bb"},"content":{"rendered":"<p class=\"MsoPlainText\">Die Bremer Palliativmedizinerin Katja Fischer, geb\u00fcrtige Schweizerin, sagte, Anfragen nach assistiertem Suizid erreichten sie in Deutschland deutlich h\u00e4ufiger als dies in ihrem Heimatland der Fall gewesen sei. Es gehe dann um gro\u00dfes Leid und die verzweifelte Suche nach Hilfe, erl\u00e4uterte die Chef\u00e4rztin bei einem Forum zum assistierten Suizid auf der Bremer Messe \u00abLeben und Tod\u00bb.<\/p>\n<p class=\"MsoPlainText\">&nbsp;<\/p>\n<p class=\"MsoPlainText\">Das Bundesverfassungsgericht hatte im Februar 2020 das erst 2015 verabschiedete Verbot der organisierten, sogenannten gesch\u00e4ftsm\u00e4\u00dfigen Suizidassistenz gekippt, mit dem die Aktivit\u00e4ten von Sterbehilfevereinen unterbunden werden sollten. Das Gericht sah das Grundrecht auf Selbstbestimmung verletzt. Bei der Suizidassistenz werden einem Sterbewilligen etwa todbringende Medikamente \u00fcberlassen, aber nicht verabreicht. Dies w\u00e4re eine T\u00f6tung auf Verlangen, die in Deutschland strafbar ist.<\/p>\n<p class=\"MsoPlainText\">&nbsp;<\/p>\n<p class=\"MsoPlainText\">Der Bundestag muss \u00fcber eine Neuregelung der Sterbehilfe entscheiden und ber\u00e4t dar\u00fcber schon seit l\u00e4ngerem. \u00abDeutschland hat momentan die liberalste Gesetzgebung, die es \u00fcberhaupt gibt, n\u00e4mlich keine\u00bb, verdeutlichte DPG-Gesch\u00e4ftsf\u00fchrer Heiner Melching. Derzeit gelte mit Blick auf den assistierten Suizid, wenn die Tatherrschaft beim Suizidenten bleibe, handele es sich nicht um eine Straftat.<\/p>\n<p class=\"MsoPlainText\">&nbsp;<\/p>\n<p class=\"MsoPlainText\">DPG-Vorst\u00e4ndin Jentschke warnte jedoch auch, viele Menschen h\u00e4tten nach wie vor Wissensdefizite, was die palliative Versorgung angehe. \u00dcber \u00c4ngste m\u00fcsse gesprochen, Suizidpr\u00e4vention und Beratung m\u00fcssten ausgebaut werden. \u00abWir haben unsere Hausaufgaben nicht gemacht\u00bb, r\u00e4umte die Psychologin ein.<\/p>\n<p class=\"MsoPlainText\">&nbsp;<\/p>\n<p class=\"MsoPlainText\">Fischer, Jentschke und der Hamburger Palliativpfleger Sven Goldbach kritisierten, die derzeit fehlende Absicherung durch die Gesetzgebung f\u00fchre zu gro\u00dfer Verunsicherung unter \u00c4rzten und Pflegenden. Dem stimmte Birnbacher zu, f\u00fcgte aber hinzu: \u00abIch frage mich, wie eine Gesetzgebung aussehen muss, die der Vielfalt m\u00f6glicher F\u00e4lle gen\u00fcgt.\u00bb Die dazu notwendigen Kriterien in einem Gesetz festzulegen, \u00abist ungemein schwer\u00bb. Wer jedenfalls jetzt Hilfe beim assistierten Suizid suche, \u00abmuss von Pontius zu Pilatus laufen, um einen Arzt zu finden\u00bb.<\/p>\n<p class=\"MsoPlainText\">&nbsp;<\/p>\n<p class=\"MsoPlainText\">An der Debatte in Bremen wollte sich eigentlich auch die Ratsvorsitzende der Evangelischen Kirche in Deutschland (EKD), Annette Kurschus, beteiligen. Sie hat nach Angaben der Veranstalter kurzfristig abgesagt.<\/p>\n<p>Kirche-Oldenburg<br \/>\n<a href=\"https:\/\/www.kirche-oldenburg.de\/\/aktuell\/news-niedersachsen\/artikel\/assistierter-suizid-experten-fordern-verstaerkte-oeffentliche-debatte-kritik-an-kollektiver-todesverdraengung\" target=\"_blank\" rel=\"noopener\">Assistierter Suizid: Experten fordern verst\u00e4rkte \u00f6ffentliche Debatte  &#8211; Kritik an \u00abkollektiver Todesverdr\u00e4ngung\u00bb<\/a><\/p>\n","protected":false},"excerpt":{"rendered":"<p>Die Bremer Palliativmedizinerin Katja Fischer, geb\u00fcrtige Schweizerin, sagte, Anfragen nach assistiertem Suizid erreichten sie in Deutschland deutlich h\u00e4ufiger als dies in ihrem Heimatland der Fall gewesen sei. Es gehe dann um gro\u00dfes Leid und die verzweifelte Suche nach Hilfe, erl\u00e4uterte die Chef\u00e4rztin bei einem Forum zum assistierten Suizid auf der Bremer Messe \u00abLeben und Tod\u00bb. &nbsp; Das Bundesverfassungsgericht hatte im Februar 2020 das erst 2015 verabschiedete Verbot der organisierten, sogenannten gesch\u00e4ftsm\u00e4\u00dfigen Suizidassistenz gekippt, mit dem die Aktivit\u00e4ten von Sterbehilfevereinen unterbunden werden sollten. Das Gericht sah das Grundrecht auf Selbstbestimmung verletzt. Bei der Suizidassistenz werden einem Sterbewilligen etwa todbringende Medikamente \u00fcberlassen,&#8230;<\/p>\n","protected":false},"author":7,"featured_media":0,"comment_status":"false","ping_status":"open","sticky":false,"template":"","format":"standard","meta":{"footnotes":""},"categories":[43],"tags":[44],"class_list":["post-24044","post","type-post","status-publish","format-standard","hentry","category-kirche-oldenburg","tag-kirche-oldenburg"],"_links":{"self":[{"href":"https:\/\/christusnews.de\/site\/wp-json\/wp\/v2\/posts\/24044","targetHints":{"allow":["GET"]}}],"collection":[{"href":"https:\/\/christusnews.de\/site\/wp-json\/wp\/v2\/posts"}],"about":[{"href":"https:\/\/christusnews.de\/site\/wp-json\/wp\/v2\/types\/post"}],"author":[{"embeddable":true,"href":"https:\/\/christusnews.de\/site\/wp-json\/wp\/v2\/users\/7"}],"replies":[{"embeddable":true,"href":"https:\/\/christusnews.de\/site\/wp-json\/wp\/v2\/comments?post=24044"}],"version-history":[{"count":1,"href":"https:\/\/christusnews.de\/site\/wp-json\/wp\/v2\/posts\/24044\/revisions"}],"predecessor-version":[{"id":24045,"href":"https:\/\/christusnews.de\/site\/wp-json\/wp\/v2\/posts\/24044\/revisions\/24045"}],"wp:attachment":[{"href":"https:\/\/christusnews.de\/site\/wp-json\/wp\/v2\/media?parent=24044"}],"wp:term":[{"taxonomy":"category","embeddable":true,"href":"https:\/\/christusnews.de\/site\/wp-json\/wp\/v2\/categories?post=24044"},{"taxonomy":"post_tag","embeddable":true,"href":"https:\/\/christusnews.de\/site\/wp-json\/wp\/v2\/tags?post=24044"}],"curies":[{"name":"wp","href":"https:\/\/api.w.org\/{rel}","templated":true}]}}