{"id":24057,"date":"2023-05-09T09:49:00","date_gmt":"2023-05-09T07:49:00","guid":{"rendered":"https:\/\/christusnews.de\/site\/pflegeeinrichtungen-muessen-wegen-personalnot-angebot-einschraenken\/"},"modified":"2023-05-10T11:17:37","modified_gmt":"2023-05-10T09:17:37","slug":"pflegeeinrichtungen-muessen-wegen-personalnot-angebot-einschraenken","status":"publish","type":"post","link":"https:\/\/christusnews.de\/site\/pflegeeinrichtungen-muessen-wegen-personalnot-angebot-einschraenken\/","title":{"rendered":"Pflegeeinrichtungen m\u00fcssen wegen Personalnot Angebot einschr\u00e4nken"},"content":{"rendered":"<p class=\"MsoPlainText\">Berlin\/Hannover (epd). Die Personalnot in der Altenpflege beutelt auch die kirchlichen Einrichtungen. Vier von f\u00fcnf evangelischen Pflegeeinrichtungen m\u00fcssen inzwischen ihre Angebote einschr\u00e4nken, wie aus einer Umfrage des Deutschen Evangelischen Verbandes f\u00fcr Altenarbeit und Pflege (Devap) und der Diakonie Deutschland hervorgeht, die am Dienstag in Berlin vorgestellt wurde.<\/p>\n<p class=\"MsoPlainText\">&nbsp;<\/p>\n<p class=\"MsoPlainText\">Besonders prek\u00e4r ist demnach die Lage bei den ambulanten Pflegediensten: 89 Prozent mussten im vergangenen halben Jahr Neukunden ablehnen. 29 Prozent konnten die Leistungen bei ihren angestammten Pflegebed\u00fcrftigen nicht aufstocken, obwohl diese darauf angewiesen sind.<\/p>\n<p class=\"MsoPlainText\">&nbsp;<\/p>\n<p class=\"MsoPlainText\">In der station\u00e4ren Pflege k\u00f6nnen fast drei Viertel der Heime und Einrichtungen nicht all jene Leistungen erbringen, f\u00fcr die sie eigentlich ausgelegt sind. Das betrifft vorrangig die Belegung freier Betten. Hauptursache sind hohe Krankenst\u00e4nde beim Personal und bei zwei Dritteln der befragten Einrichtungen, dass sie offene Stellen nicht besetzen k\u00f6nnen.<\/p>\n<p class=\"MsoPlainText\">&nbsp;<\/p>\n<p class=\"MsoPlainText\">Die Zahlen zeigten, dass sich Deutschland \u00abbereits mitten in einer akuten Pflegekrise\u00bb befinde, erkl\u00e4rte Diakonie-Sozialvorst\u00e4ndin Maria Loheide. Trotz steigender Nachfrage reduziere sich das Versorgungsangebot, gleichzeitig n\u00e4hmen Insolvenzen zu. N\u00f6tig sei ein radikales Umdenken in der Politik, die Pflege brauche dringend eine gesicherte Finanzierung, forderte Loheide.<\/p>\n<p class=\"MsoPlainText\">&nbsp;<\/p>\n<p class=\"MsoPlainText\">Der Devap befragte in den erste drei Aprilwochen dieses Jahres insgesamt 655 Pflegeeinrichtungen und -dienste der Diakonie, davon 64 Prozent aus der station\u00e4ren Langzeitpflege, 30 Prozent aus der ambulanten Pflege, 4 Prozent aus der Tagespflege sowie jeweils 1 Prozent Pflegeschulen und Hospize. Die Teilnehmenden kamen vorwiegend aus Nordrhein-Westfalen (30 Prozent), Niedersachsen (24 Prozent) und Hamburg (8 Prozent).<\/p>\n<p>Kirche-Oldenburg<br \/>\n<a href=\"https:\/\/www.kirche-oldenburg.de\/\/aktuell\/news-niedersachsen\/artikel\/pflegeeinrichtungen-muessen-wegen-personalnot-angebot-einschraenken\" target=\"_blank\" rel=\"noopener\">Pflegeeinrichtungen m\u00fcssen wegen Personalnot Angebot einschr\u00e4nken<\/a><\/p>\n","protected":false},"excerpt":{"rendered":"<p>Berlin\/Hannover (epd). Die Personalnot in der Altenpflege beutelt auch die kirchlichen Einrichtungen. Vier von f\u00fcnf evangelischen Pflegeeinrichtungen m\u00fcssen inzwischen ihre Angebote einschr\u00e4nken, wie aus einer Umfrage des Deutschen Evangelischen Verbandes f\u00fcr Altenarbeit und Pflege (Devap) und der Diakonie Deutschland hervorgeht, die am Dienstag in Berlin vorgestellt wurde. &nbsp; Besonders prek\u00e4r ist demnach die Lage bei den ambulanten Pflegediensten: 89 Prozent mussten im vergangenen halben Jahr Neukunden ablehnen. 29 Prozent konnten die Leistungen bei ihren angestammten Pflegebed\u00fcrftigen nicht aufstocken, obwohl diese darauf angewiesen sind. &nbsp; In der station\u00e4ren Pflege k\u00f6nnen fast drei Viertel der Heime und Einrichtungen nicht all jene Leistungen&#8230;<\/p>\n","protected":false},"author":7,"featured_media":0,"comment_status":"false","ping_status":"open","sticky":false,"template":"","format":"standard","meta":{"footnotes":""},"categories":[43],"tags":[44],"class_list":["post-24057","post","type-post","status-publish","format-standard","hentry","category-kirche-oldenburg","tag-kirche-oldenburg"],"_links":{"self":[{"href":"https:\/\/christusnews.de\/site\/wp-json\/wp\/v2\/posts\/24057","targetHints":{"allow":["GET"]}}],"collection":[{"href":"https:\/\/christusnews.de\/site\/wp-json\/wp\/v2\/posts"}],"about":[{"href":"https:\/\/christusnews.de\/site\/wp-json\/wp\/v2\/types\/post"}],"author":[{"embeddable":true,"href":"https:\/\/christusnews.de\/site\/wp-json\/wp\/v2\/users\/7"}],"replies":[{"embeddable":true,"href":"https:\/\/christusnews.de\/site\/wp-json\/wp\/v2\/comments?post=24057"}],"version-history":[{"count":1,"href":"https:\/\/christusnews.de\/site\/wp-json\/wp\/v2\/posts\/24057\/revisions"}],"predecessor-version":[{"id":24058,"href":"https:\/\/christusnews.de\/site\/wp-json\/wp\/v2\/posts\/24057\/revisions\/24058"}],"wp:attachment":[{"href":"https:\/\/christusnews.de\/site\/wp-json\/wp\/v2\/media?parent=24057"}],"wp:term":[{"taxonomy":"category","embeddable":true,"href":"https:\/\/christusnews.de\/site\/wp-json\/wp\/v2\/categories?post=24057"},{"taxonomy":"post_tag","embeddable":true,"href":"https:\/\/christusnews.de\/site\/wp-json\/wp\/v2\/tags?post=24057"}],"curies":[{"name":"wp","href":"https:\/\/api.w.org\/{rel}","templated":true}]}}