{"id":24063,"date":"2023-05-10T10:10:00","date_gmt":"2023-05-10T08:10:00","guid":{"rendered":"https:\/\/christusnews.de\/site\/hanns-lilje-stiftung-foerdert-kulturarbeit-im-laendlichen-raum\/"},"modified":"2023-05-11T11:18:50","modified_gmt":"2023-05-11T09:18:50","slug":"hanns-lilje-stiftung-foerdert-kulturarbeit-im-laendlichen-raum","status":"publish","type":"post","link":"https:\/\/christusnews.de\/site\/hanns-lilje-stiftung-foerdert-kulturarbeit-im-laendlichen-raum\/","title":{"rendered":"Hanns-Lilje-Stiftung f\u00f6rdert Kulturarbeit im l\u00e4ndlichen Raum"},"content":{"rendered":"<p>Hannover (epd). Die Hanns-Lilje-Stiftung f\u00f6rdert in diesem und im kommenden Jahr niedrigschwellige Kulturarbeit an zw\u00f6lf Orten im l\u00e4ndlichen Raum. Interessierte Initiativen k\u00f6nnen sich bis zum 31. August um die F\u00f6rdermittel von bis zu 8.000 Euro bewerben, wie die Stiftung mitteilte. Mit der F\u00f6rderung beabsichtige die Stiftung, die sozialraumorientierte Arbeit von Kirche und Diakonie zu st\u00e4rken und auszubauen.<\/p>\n<p>\nVerantwortliche in l\u00e4ndlichen Kirchengemeinden sollen ermutigt werden, sich zu \u00f6ffnen und in Zusammenarbeit mit anderen Vereinen, Institutionen oder Initiativen Sozialr\u00e4ume aktiv mitzugestalten, wie es hie\u00df. Ziel sei es, Kirchengemeinden, Vereine, Initiativen oder Gruppen durch niedrigschwellige Vorhaben \u00abaufzubrechen\u00bb, um sich gegenseitig neu wahrzunehmen und sich \u00fcber Milieugrenzen hinweg im Ort neu zu verankern.<\/p>\n<p>Kirche-Oldenburg<br \/>\n<a href=\"https:\/\/www.kirche-oldenburg.de\/\/aktuell\/news-niedersachsen\/artikel\/hanns-lilje-stiftung-foerdert-kulturarbeit-im-laendlichen-raum\" target=\"_blank\" rel=\"noopener\">Hanns-Lilje-Stiftung f\u00f6rdert Kulturarbeit im l\u00e4ndlichen Raum<\/a><\/p>\n","protected":false},"excerpt":{"rendered":"<p>Hannover (epd). Die Hanns-Lilje-Stiftung f\u00f6rdert in diesem und im kommenden Jahr niedrigschwellige Kulturarbeit an zw\u00f6lf Orten im l\u00e4ndlichen Raum. Interessierte Initiativen k\u00f6nnen sich bis zum 31. August um die F\u00f6rdermittel von bis zu 8.000 Euro bewerben, wie die Stiftung mitteilte. Mit der F\u00f6rderung beabsichtige die Stiftung, die sozialraumorientierte Arbeit von Kirche und Diakonie zu st\u00e4rken und auszubauen. Verantwortliche in l\u00e4ndlichen Kirchengemeinden sollen ermutigt werden, sich zu \u00f6ffnen und in Zusammenarbeit mit anderen Vereinen, Institutionen oder Initiativen Sozialr\u00e4ume aktiv mitzugestalten, wie es hie\u00df. Ziel sei es, Kirchengemeinden, Vereine, Initiativen oder Gruppen durch niedrigschwellige Vorhaben \u00abaufzubrechen\u00bb, um sich gegenseitig neu wahrzunehmen und&#8230;<\/p>\n","protected":false},"author":7,"featured_media":0,"comment_status":"false","ping_status":"open","sticky":false,"template":"","format":"standard","meta":{"footnotes":""},"categories":[43],"tags":[44],"class_list":["post-24063","post","type-post","status-publish","format-standard","hentry","category-kirche-oldenburg","tag-kirche-oldenburg"],"_links":{"self":[{"href":"https:\/\/christusnews.de\/site\/wp-json\/wp\/v2\/posts\/24063","targetHints":{"allow":["GET"]}}],"collection":[{"href":"https:\/\/christusnews.de\/site\/wp-json\/wp\/v2\/posts"}],"about":[{"href":"https:\/\/christusnews.de\/site\/wp-json\/wp\/v2\/types\/post"}],"author":[{"embeddable":true,"href":"https:\/\/christusnews.de\/site\/wp-json\/wp\/v2\/users\/7"}],"replies":[{"embeddable":true,"href":"https:\/\/christusnews.de\/site\/wp-json\/wp\/v2\/comments?post=24063"}],"version-history":[{"count":1,"href":"https:\/\/christusnews.de\/site\/wp-json\/wp\/v2\/posts\/24063\/revisions"}],"predecessor-version":[{"id":24064,"href":"https:\/\/christusnews.de\/site\/wp-json\/wp\/v2\/posts\/24063\/revisions\/24064"}],"wp:attachment":[{"href":"https:\/\/christusnews.de\/site\/wp-json\/wp\/v2\/media?parent=24063"}],"wp:term":[{"taxonomy":"category","embeddable":true,"href":"https:\/\/christusnews.de\/site\/wp-json\/wp\/v2\/categories?post=24063"},{"taxonomy":"post_tag","embeddable":true,"href":"https:\/\/christusnews.de\/site\/wp-json\/wp\/v2\/tags?post=24063"}],"curies":[{"name":"wp","href":"https:\/\/api.w.org\/{rel}","templated":true}]}}