{"id":24067,"date":"2023-05-11T12:40:13","date_gmt":"2023-05-11T10:40:13","guid":{"rendered":"https:\/\/christusnews.de\/site\/julia-tecklenborg-als-geschaeftsfuehrerin-fuer-evkita-doll-eingefuehrt\/"},"modified":"2023-05-11T23:17:50","modified_gmt":"2023-05-11T21:17:50","slug":"julia-tecklenborg-als-geschaeftsfuehrerin-fuer-evkita-doll-eingefuehrt","status":"publish","type":"post","link":"https:\/\/christusnews.de\/site\/julia-tecklenborg-als-geschaeftsfuehrerin-fuer-evkita-doll-eingefuehrt\/","title":{"rendered":"Julia Tecklenborg als Gesch\u00e4ftsf\u00fchrerin f\u00fcr \u201eevkita doll\u201c eingef\u00fchrt"},"content":{"rendered":"<p>Am Dienstag, 10. Mai, ist Julia Tecklenborg als Gesch\u00e4ftsf\u00fchrerin des Kita-Verbunds evkita doll im Kirchenkreis Delmenhorst\/Oldenburg-Land feierlich im Rahmen eines Gottesdienstes in der Delmenhorster Stadtkirche eingef\u00fchrt worden. Im Gottesdienst wurden zahlreiche Kita-Leitungen und Kita-Mitarbeitende, Elternvertreter, G\u00e4ste aus den Kommunen, Kirchengemeinden sowie der Verwaltung begr\u00fc\u00dft. Popkantorin Karola Schmelz-H\u00f6pfner begleitete musikalisch und ermutigte die Anwesenden zum Mitsingen.<br \/>\n&nbsp; &nbsp;<br \/>\nSeit inzwischen 80 Tagen ist Julia Tecklenborg als Gesch\u00e4ftsf\u00fchrerin von evkita doll f\u00fcr zw\u00f6lf Kindertagesst\u00e4tten in Delmenhorst und Hude t\u00e4tig. \u201eDiese Zeit diente zum Kennenlernen der lebendigen, schon gut gelingenden sowie evangelischen Kita-Arbeit in Delmenhorst und Hude\u201c, betonte Kreispfarrer Althausen in seiner Predigt. Julia Tecklenborg arbeitet hier in einer lebendigen \u201eDienstgemeinschaft\u201c der Mitarbeitenden in unterschiedlichen Rollen und verschiedenen Funktionen. Und dabei haben alle \u201eversprochen, sie bei dieser wichtigen Arbeit f\u00fcr unsere Kitas nicht allein zu lassen.\u201c Au\u00dferdem wies Kreispfarrer Althausen auch auf die gesellschaftliche Aufgabe der Kitas als wichtige Lern- und Entwicklungsorte sowohl f\u00fcr kleine Kinder als auch f\u00fcr die gro\u00dfen, \u201eerwachsenen Kinder\u201c, die Mitarbeitenden und die Gesch\u00e4ftsf\u00fchrerin hin.&nbsp;<br \/>\n&nbsp; &nbsp;<br \/>\nAls H\u00f6hepunkt des Gottesdienstes wurde Julia Tecklenborg gemeinsam durch die Leiterinnen der Kindertagesst\u00e4tten von evkita doll sowie Kreispfarrer Althausen gesegnet. Ihr wurde das Bibelwort zugesprochen: \u201eIch will dich segnen, und du sollst ein Segen sein.\u201c.&nbsp;<br \/>\n&nbsp; &nbsp;<br \/>\nIm Anschluss an den Gottesdienst begl\u00fcckw\u00fcnschten zahlreiche G\u00e4ste Julia Tecklenborg und begegneten sich zu ausgiebigen Gespr\u00e4chen und einem Imbiss unter der Empore in der Stadtkirche.<br \/>\n&nbsp; &nbsp;<br \/>\nJulia Tecklenborg ist 40 Jahre alt und lebt mit ihrer Familie in der Samtgemeinde Bruchhausen-Vilsen. Ihre Berufserfahrung hat sie als Gesch\u00e4ftsf\u00fchrerin f\u00fcr 24 Kindertagesst\u00e4tten im Kirchenkreis Berlin-Spandau gesammelt. Vorher war sie unter anderem Kita-Bereichsleitung bei einem anderen Tr\u00e4ger, Leiterin von Fl\u00fcchtlingsunterk\u00fcnften sowie Projektleiterin f\u00fcr eine Freiwilligenagentur.<\/p>\n<p>&nbsp;<\/p>\n<p>Kirche-Oldenburg<br \/>\n<a href=\"https:\/\/www.kirche-oldenburg.de\/\/aktuell\/aus-den-kirchenkreisen\/artikel\/julia-tecklenborg-als-geschaeftsfuehrerin-fuer-evkita-doll-eingefuehrt\" target=\"_blank\" rel=\"noopener\">Julia Tecklenborg als Gesch\u00e4ftsf\u00fchrerin f\u00fcr \u201eevkita doll\u201c eingef\u00fchrt<\/a><\/p>\n","protected":false},"excerpt":{"rendered":"<p>Am Dienstag, 10. Mai, ist Julia Tecklenborg als Gesch\u00e4ftsf\u00fchrerin des Kita-Verbunds evkita doll im Kirchenkreis Delmenhorst\/Oldenburg-Land feierlich im Rahmen eines Gottesdienstes in der Delmenhorster Stadtkirche eingef\u00fchrt worden. Im Gottesdienst wurden zahlreiche Kita-Leitungen und Kita-Mitarbeitende, Elternvertreter, G\u00e4ste aus den Kommunen, Kirchengemeinden sowie der Verwaltung begr\u00fc\u00dft. Popkantorin Karola Schmelz-H\u00f6pfner begleitete musikalisch und ermutigte die Anwesenden zum Mitsingen. &nbsp; &nbsp; Seit inzwischen 80 Tagen ist Julia Tecklenborg als Gesch\u00e4ftsf\u00fchrerin von evkita doll f\u00fcr zw\u00f6lf Kindertagesst\u00e4tten in Delmenhorst und Hude t\u00e4tig. \u201eDiese Zeit diente zum Kennenlernen der lebendigen, schon gut gelingenden sowie evangelischen Kita-Arbeit in Delmenhorst und Hude\u201c, betonte Kreispfarrer Althausen in seiner Predigt&#8230;.<\/p>\n","protected":false},"author":7,"featured_media":0,"comment_status":"false","ping_status":"open","sticky":false,"template":"","format":"standard","meta":{"footnotes":""},"categories":[43],"tags":[44],"class_list":["post-24067","post","type-post","status-publish","format-standard","hentry","category-kirche-oldenburg","tag-kirche-oldenburg"],"_links":{"self":[{"href":"https:\/\/christusnews.de\/site\/wp-json\/wp\/v2\/posts\/24067","targetHints":{"allow":["GET"]}}],"collection":[{"href":"https:\/\/christusnews.de\/site\/wp-json\/wp\/v2\/posts"}],"about":[{"href":"https:\/\/christusnews.de\/site\/wp-json\/wp\/v2\/types\/post"}],"author":[{"embeddable":true,"href":"https:\/\/christusnews.de\/site\/wp-json\/wp\/v2\/users\/7"}],"replies":[{"embeddable":true,"href":"https:\/\/christusnews.de\/site\/wp-json\/wp\/v2\/comments?post=24067"}],"version-history":[{"count":1,"href":"https:\/\/christusnews.de\/site\/wp-json\/wp\/v2\/posts\/24067\/revisions"}],"predecessor-version":[{"id":24068,"href":"https:\/\/christusnews.de\/site\/wp-json\/wp\/v2\/posts\/24067\/revisions\/24068"}],"wp:attachment":[{"href":"https:\/\/christusnews.de\/site\/wp-json\/wp\/v2\/media?parent=24067"}],"wp:term":[{"taxonomy":"category","embeddable":true,"href":"https:\/\/christusnews.de\/site\/wp-json\/wp\/v2\/categories?post=24067"},{"taxonomy":"post_tag","embeddable":true,"href":"https:\/\/christusnews.de\/site\/wp-json\/wp\/v2\/tags?post=24067"}],"curies":[{"name":"wp","href":"https:\/\/api.w.org\/{rel}","templated":true}]}}