{"id":24089,"date":"2023-05-14T09:41:00","date_gmt":"2023-05-14T07:41:00","guid":{"rendered":"https:\/\/christusnews.de\/site\/kaessmann-an-ursprung-des-feiertags-christi-himmelfahrt-erinnern\/"},"modified":"2023-05-15T11:18:36","modified_gmt":"2023-05-15T09:18:36","slug":"kaessmann-an-ursprung-des-feiertags-christi-himmelfahrt-erinnern","status":"publish","type":"post","link":"https:\/\/christusnews.de\/site\/kaessmann-an-ursprung-des-feiertags-christi-himmelfahrt-erinnern\/","title":{"rendered":"K\u00e4\u00dfmann: An Ursprung des Feiertags Christi Himmelfahrt erinnern"},"content":{"rendered":"<p class=\"MsoPlainText\">Hannover (epd). Die einstige hannoversche Landesbisch\u00f6fin Margot K\u00e4\u00dfmann hat an den christlichen Ursprung des Feiertags Christi Himmelfahrt erinnert. Weniger als die H\u00e4lfte der Deutschen wisse, dass es um einen christlichen Feiertag gehe, schrieb die ehemalige Ratsvorsitzende der Evangelischen Kirche in Deutschland (EKD) in der \u00abBild am Sonntag\u00bb.<\/p>\n<p class=\"MsoPlainText\">&nbsp;<\/p>\n<p class=\"MsoPlainText\">\u00abIch habe nichts dagegen, dass M\u00e4nner mit dem Bollerwagen losziehen\u00bb, unterstrich K\u00e4\u00dfmann. Aber ein Feiertag mache nur Sinn, \u00abwenn wir wissen, was wir feiern\u00bb.<\/p>\n<p class=\"MsoPlainText\">&nbsp;<\/p>\n<p class=\"MsoPlainText\">Christi Himmelfahrt ist fester Teil des christlichen Festkalenders: Der Feiertag wird seit dem vierten Jahrhundert immer&nbsp;40 Tage nach Ostern begangen, in diesem Jahr am 18. Mai. Das Fest f\u00e4llt stets auf einen Donnerstag und ist in Deutschland ein gesetzlicher Feiertag. An dem Termin wird auch Vatertag gefeiert.<\/p>\n<p class=\"MsoPlainText\">&nbsp;<\/p>\n<p class=\"MsoPlainText\">Biblische Grundlage ist neben dem Markus- und dem Lukas-Evangelium das erste Kapitel der Apostelgeschichte im Neuen Testament. Dort steht, dass der nach seiner Kreuzigung vom Tod auferstandene Jesus Christus vor den Augen seiner J\u00fcnger \u00abaufgehoben\u00bb wurde: \u00abEine Wolke nahm ihn auf und entzog ihn ihren Blicken\u00bb (Apostelgeschichte 1,9).<\/p>\n<p>Kirche-Oldenburg<br \/>\n<a href=\"https:\/\/www.kirche-oldenburg.de\/\/aktuell\/news-niedersachsen\/artikel\/kaessmann-an-ursprung-des-feiertags-christi-himmelfahrt-erinnern\" target=\"_blank\" rel=\"noopener\">K\u00e4\u00dfmann: An Ursprung des Feiertags Christi Himmelfahrt erinnern<\/a><\/p>\n","protected":false},"excerpt":{"rendered":"<p>Hannover (epd). Die einstige hannoversche Landesbisch\u00f6fin Margot K\u00e4\u00dfmann hat an den christlichen Ursprung des Feiertags Christi Himmelfahrt erinnert. Weniger als die H\u00e4lfte der Deutschen wisse, dass es um einen christlichen Feiertag gehe, schrieb die ehemalige Ratsvorsitzende der Evangelischen Kirche in Deutschland (EKD) in der \u00abBild am Sonntag\u00bb. &nbsp; \u00abIch habe nichts dagegen, dass M\u00e4nner mit dem Bollerwagen losziehen\u00bb, unterstrich K\u00e4\u00dfmann. Aber ein Feiertag mache nur Sinn, \u00abwenn wir wissen, was wir feiern\u00bb. &nbsp; Christi Himmelfahrt ist fester Teil des christlichen Festkalenders: Der Feiertag wird seit dem vierten Jahrhundert immer&nbsp;40 Tage nach Ostern begangen, in diesem Jahr am 18. Mai. Das&#8230;<\/p>\n","protected":false},"author":7,"featured_media":0,"comment_status":"false","ping_status":"open","sticky":false,"template":"","format":"standard","meta":{"footnotes":""},"categories":[43],"tags":[44],"class_list":["post-24089","post","type-post","status-publish","format-standard","hentry","category-kirche-oldenburg","tag-kirche-oldenburg"],"_links":{"self":[{"href":"https:\/\/christusnews.de\/site\/wp-json\/wp\/v2\/posts\/24089","targetHints":{"allow":["GET"]}}],"collection":[{"href":"https:\/\/christusnews.de\/site\/wp-json\/wp\/v2\/posts"}],"about":[{"href":"https:\/\/christusnews.de\/site\/wp-json\/wp\/v2\/types\/post"}],"author":[{"embeddable":true,"href":"https:\/\/christusnews.de\/site\/wp-json\/wp\/v2\/users\/7"}],"replies":[{"embeddable":true,"href":"https:\/\/christusnews.de\/site\/wp-json\/wp\/v2\/comments?post=24089"}],"version-history":[{"count":1,"href":"https:\/\/christusnews.de\/site\/wp-json\/wp\/v2\/posts\/24089\/revisions"}],"predecessor-version":[{"id":24090,"href":"https:\/\/christusnews.de\/site\/wp-json\/wp\/v2\/posts\/24089\/revisions\/24090"}],"wp:attachment":[{"href":"https:\/\/christusnews.de\/site\/wp-json\/wp\/v2\/media?parent=24089"}],"wp:term":[{"taxonomy":"category","embeddable":true,"href":"https:\/\/christusnews.de\/site\/wp-json\/wp\/v2\/categories?post=24089"},{"taxonomy":"post_tag","embeddable":true,"href":"https:\/\/christusnews.de\/site\/wp-json\/wp\/v2\/tags?post=24089"}],"curies":[{"name":"wp","href":"https:\/\/api.w.org\/{rel}","templated":true}]}}