{"id":24097,"date":"2023-05-12T09:25:00","date_gmt":"2023-05-12T07:25:00","guid":{"rendered":"https:\/\/christusnews.de\/site\/wie-in-einem-hamsterrad-kirche-und-diakonie-fordern-grundlegende-pflegereform\/"},"modified":"2023-05-15T11:18:37","modified_gmt":"2023-05-15T09:18:37","slug":"wie-in-einem-hamsterrad-kirche-und-diakonie-fordern-grundlegende-pflegereform","status":"publish","type":"post","link":"https:\/\/christusnews.de\/site\/wie-in-einem-hamsterrad-kirche-und-diakonie-fordern-grundlegende-pflegereform\/","title":{"rendered":"\u00abWie in einem Hamsterrad\u00bb &#8211; Kirche und Diakonie fordern grundlegende Pflegereform"},"content":{"rendered":"<p class=\"MsoPlainText\">Bremen (epd). Kirche und Diakonie in Bremen haben anl\u00e4sslich des internationalen \u00abTages der Pflege\u00bb am Freitag eine grundlegende Pflegereform gefordert. So w\u00fcrden Kostensteigerungen derzeit komplett auf die zu Pflegenden abgew\u00e4lzt, kritisierte Bremens Landesdiakoniepastorin Karin Altenfelder. Bremens leitender evangelischer Theologe Bernd Kuschnerus warnte unter anderem vor \u00abPreiswucher\u00bb in der von Personaldienstleistern vermittelten Leiharbeit von Pflegekr\u00e4ften. \u00abDas muss unterbunden werden\u00bb, forderte der Schriftf\u00fchrer der Bremischen Evangelischen Kirche.<\/p>\n<p class=\"MsoPlainText\">&nbsp;<\/p>\n<p class=\"MsoPlainText\">Um die Kostenbelastung pflegebed\u00fcrftiger Menschen zu verringern, sei eine grundlegende Reform der Pflegeversicherung n\u00f6tig, erkl\u00e4rte die kirchliche Sozialexpertin Altenfelder. Dass Kostensteigerungen derzeit komplett auf die zu Pflegenden abgew\u00e4lzt w\u00fcrden, habe schon jetzt Folgen: \u00abPflege kann sich nicht mehr jede und jeder leisten. Viele sind auf sich alleingestellt.\u00bb<\/p>\n<p class=\"MsoPlainText\">&nbsp;<\/p>\n<p class=\"MsoPlainText\">Altenfelder bef\u00fcrchtet, dass es deshalb verst\u00e4rkt zu Hilflosigkeit, Einsamkeit und auch zur Verwahrlosung pflegebed\u00fcrftiger Menschen kommt. Sie pl\u00e4diert daher f\u00fcr eine bezahlbare, individuelle Pflege im Quartier. \u00abWir m\u00fcssen viel mehr die Bed\u00fcrfnisse der Pflegebed\u00fcrftigen in den Blick nehmen als Kostenpauschalen.\u00bb<\/p>\n<p class=\"MsoPlainText\">&nbsp;<\/p>\n<p class=\"MsoPlainText\">Die Missst\u00e4nde und die Herausforderungen in der Pflege seien allen bekannt, mahnte die Landesdiakoniepastorin. \u00abAber trotzdem ist in den vergangenen Jahren zu wenig passiert. Im Gegenteil: Wir sind in Deutschland sehenden Auges ins offene Messer gerannt. Es ist wirklich f\u00fcnf nach zw\u00f6lf.\u00bb Fach- und Arbeitskr\u00e4ftemangel geh\u00f6re zu den bedeutendsten Problemen im Pflegesektor. Deshalb sei unter anderem eine gute Vereinbarkeit von Familie und Beruf wichtig.<\/p>\n<p class=\"MsoPlainText\">&nbsp;<\/p>\n<p class=\"MsoPlainText\">Altenfelder kritisiert genauso wie Kuschnerus die Leiharbeit in der Pflege. Sie m\u00fcsse schnellstm\u00f6glich reguliert werden. So k\u00f6nnten Mitarbeitende von Zeitarbeitsfirmen sich ihre Arbeitszeiten quasi aussuchen, die unbeliebten Dienste am Wochenende und in der Nacht blieben dann f\u00fcr die festangestellten Personen \u00fcbrig. Kuschnerus warnte, Preiswucher durch Personaldienstleister mache die Pflegekr\u00e4fte zur Ware: \u00abSo gehen gute Pflegeeinrichtungen kaputt.\u00bb<\/p>\n<p class=\"MsoPlainText\">&nbsp;<\/p>\n<p class=\"MsoPlainText\">\u00abWir brauchen nach den Bed\u00fcrfnissen der Bewohner gestaltete Pflegeeinrichtungen, in denen sie sich wohlf\u00fchlen. Entscheidend hierf\u00fcr ist Zeit f\u00fcr Zuwendung\u00bb, bekr\u00e4ftigte der Theologe. Er forderte \u00fcberdies mehr Anerkennung f\u00fcr die Pflege von Angeh\u00f6rigen. Sie seien \u00abder gr\u00f6\u00dfte Pflegedienst in Deutschland\u00bb. Die Arbeit in der Familie d\u00fcrfe nicht als Pflege zweiter Klasse behandelt und mit weniger Geld ausgestattet werden.<\/p>\n<p class=\"MsoPlainText\">&nbsp;<\/p>\n<p class=\"MsoPlainText\">\u00abUnd wir brauchen digitale L\u00f6sungen. Die elektronische Patientenakte wird die Pflegekr\u00e4fte entlasten, aber vor allem den Angeh\u00f6rigen helfen, die zwischen \u00c4rzten, Krankenh\u00e4usern und Pflegeheimen hin- und herrennen, total aus der Puste, wie in einem Hamsterrad.\u00bb Kuschnerus mahnte, Politik, Wirtschaft und Gesellschaft m\u00fcssten gemeinsam an einer besseren Zukunft der Pflege arbeiten, \u00abanstatt nur L\u00f6cher zu stopfen\u00bb.<\/p>\n<p class=\"MsoPlainText\">&nbsp;<\/p>\n<p class=\"MsoPlainText\">Unterdessen berichtete die Techniker-Krankenkasse von steigenden Fehlzeiten der Pflegekr\u00e4fte in Bremen und Bremerhaven, ausgel\u00f6st auch durch die wachsende Belastung im Job. Vergangenes Jahr h\u00e4tten sie nach einer Auswertung eigener Versichertendaten durchschnittlich 30,2 Tage krankheitsbedingt gefehlt, 2021 habe der Wert bei 22,1 Fehltagen gelegen. Damit liege Bremen 4,8 Prozent \u00fcber dem Bundesdurchschnitt von 28,8 Tagen.<\/p>\n<p>Kirche-Oldenburg<br \/>\n<a href=\"https:\/\/www.kirche-oldenburg.de\/\/aktuell\/news-niedersachsen\/artikel\/wie-in-einem-hamsterrad-kirche-und-diakonie-fordern-grundlegende-pflegereform\" target=\"_blank\" rel=\"noopener\">\u00abWie in einem Hamsterrad\u00bb &#8211; Kirche und Diakonie fordern grundlegende Pflegereform<\/a><\/p>\n","protected":false},"excerpt":{"rendered":"<p>Bremen (epd). Kirche und Diakonie in Bremen haben anl\u00e4sslich des internationalen \u00abTages der Pflege\u00bb am Freitag eine grundlegende Pflegereform gefordert. So w\u00fcrden Kostensteigerungen derzeit komplett auf die zu Pflegenden abgew\u00e4lzt, kritisierte Bremens Landesdiakoniepastorin Karin Altenfelder. Bremens leitender evangelischer Theologe Bernd Kuschnerus warnte unter anderem vor \u00abPreiswucher\u00bb in der von Personaldienstleistern vermittelten Leiharbeit von Pflegekr\u00e4ften. \u00abDas muss unterbunden werden\u00bb, forderte der Schriftf\u00fchrer der Bremischen Evangelischen Kirche. &nbsp; Um die Kostenbelastung pflegebed\u00fcrftiger Menschen zu verringern, sei eine grundlegende Reform der Pflegeversicherung n\u00f6tig, erkl\u00e4rte die kirchliche Sozialexpertin Altenfelder. Dass Kostensteigerungen derzeit komplett auf die zu Pflegenden abgew\u00e4lzt w\u00fcrden, habe schon jetzt Folgen: \u00abPflege&#8230;<\/p>\n","protected":false},"author":7,"featured_media":0,"comment_status":"false","ping_status":"open","sticky":false,"template":"","format":"standard","meta":{"footnotes":""},"categories":[43],"tags":[44],"class_list":["post-24097","post","type-post","status-publish","format-standard","hentry","category-kirche-oldenburg","tag-kirche-oldenburg"],"_links":{"self":[{"href":"https:\/\/christusnews.de\/site\/wp-json\/wp\/v2\/posts\/24097","targetHints":{"allow":["GET"]}}],"collection":[{"href":"https:\/\/christusnews.de\/site\/wp-json\/wp\/v2\/posts"}],"about":[{"href":"https:\/\/christusnews.de\/site\/wp-json\/wp\/v2\/types\/post"}],"author":[{"embeddable":true,"href":"https:\/\/christusnews.de\/site\/wp-json\/wp\/v2\/users\/7"}],"replies":[{"embeddable":true,"href":"https:\/\/christusnews.de\/site\/wp-json\/wp\/v2\/comments?post=24097"}],"version-history":[{"count":1,"href":"https:\/\/christusnews.de\/site\/wp-json\/wp\/v2\/posts\/24097\/revisions"}],"predecessor-version":[{"id":24098,"href":"https:\/\/christusnews.de\/site\/wp-json\/wp\/v2\/posts\/24097\/revisions\/24098"}],"wp:attachment":[{"href":"https:\/\/christusnews.de\/site\/wp-json\/wp\/v2\/media?parent=24097"}],"wp:term":[{"taxonomy":"category","embeddable":true,"href":"https:\/\/christusnews.de\/site\/wp-json\/wp\/v2\/categories?post=24097"},{"taxonomy":"post_tag","embeddable":true,"href":"https:\/\/christusnews.de\/site\/wp-json\/wp\/v2\/tags?post=24097"}],"curies":[{"name":"wp","href":"https:\/\/api.w.org\/{rel}","templated":true}]}}