{"id":24105,"date":"2023-05-16T12:26:44","date_gmt":"2023-05-16T10:26:44","guid":{"rendered":"https:\/\/christusnews.de\/site\/zusammen-gross-wochenende-in-der-wesermarsch\/"},"modified":"2023-05-16T23:19:31","modified_gmt":"2023-05-16T21:19:31","slug":"zusammen-gross-wochenende-in-der-wesermarsch","status":"publish","type":"post","link":"https:\/\/christusnews.de\/site\/zusammen-gross-wochenende-in-der-wesermarsch\/","title":{"rendered":"Zusammen gro\u00df &#8211; Wochenende in der Wesermarsch"},"content":{"rendered":"<p>Zusammen gro\u00df &#8211; unter diesem Motto kamen am letzten Wochenende 36 Kinder und Jugendliche aus der gesamten Wesermarsch zusammen. Ein kleines Abenteuer, als Pause vom Alltag. Ehrenamtliche der Evangelischen Jugend hatten ein geselliges Wochenendprogramm vorbereitet.<br \/>\n&nbsp; &nbsp; &nbsp;<br \/>\nEinige Kinder waren ganz mutig allein angereist, andere genossen die Tage gemeinsam mit Freund oder Freundin. Beim Singen und Spielen kamen die Kinder schnell in Kontakt miteinander. &nbsp;Zu Gast waren wir in der Kirchengemeinde Blexen. Im Gemeindehaus wurden die Gruppenr\u00e4ume kurzerhand zu Schlafs\u00e4len umfunktioniert.<br \/>\n&nbsp; &nbsp;<br \/>\nUnd auch ansonsten stand Improvisation und Umnutzung auf unsrer Tagesordnung. Die Empore im hohen Kirchraum diente zum Beispiel als Abwurframpe f\u00fcr selbst konstruierte Papierflieger. Und der Altarraum wurde zur B\u00fchne f\u00fcr Akrobatik, Theater und Musikvorf\u00fchrung; eine \u201eZusammen gro\u00df\u201c-Show, allein von den Kindern spontan vorbereitet und durchgef\u00fchrt.<br \/>\n&nbsp; &nbsp;<br \/>\nBeim Gottesdienst und anschlie\u00dfendem Imbiss am Sonnatg Vormittag trafen sich die Familien. M\u00fcde und wieder ein St\u00fcckchen \u201egr\u00f6\u00dfer\u201c verabschiedeten sich die Kinder dann wieder voneinander. Im Sommer sehen sich einige von ihnen schon wieder &#8211; beim Zeltlager in den Ferien.&nbsp;<br \/>\n&nbsp; &nbsp;<br \/>\nDank dem herzlichen und ideenreichen Engagement von Jugendlichen und jungen Erwachsenen k\u00f6nnen solche Angebote f\u00fcr Kinder \u00fcberhaupt erst stattfinden. Ein ganz gro\u00dfer Dank daf\u00fcr! Organisiert wurde das Wochenende gemeinsam von Mareen Osterloh, Kantorin und Sandra Bohlken, Jugenddiakonin.<\/p>\n<p>Kirche-Oldenburg<br \/>\n<a href=\"https:\/\/www.kirche-oldenburg.de\/\/aktuell\/aus-den-kirchenkreisen\/artikel\/zusammen-gross-wochenende-in-der-wesermarsch\" target=\"_blank\" rel=\"noopener\">Zusammen gro\u00df &#8211; Wochenende in der Wesermarsch<\/a><\/p>\n","protected":false},"excerpt":{"rendered":"<p>Zusammen gro\u00df &#8211; unter diesem Motto kamen am letzten Wochenende 36 Kinder und Jugendliche aus der gesamten Wesermarsch zusammen. Ein kleines Abenteuer, als Pause vom Alltag. Ehrenamtliche der Evangelischen Jugend hatten ein geselliges Wochenendprogramm vorbereitet. &nbsp; &nbsp; &nbsp; Einige Kinder waren ganz mutig allein angereist, andere genossen die Tage gemeinsam mit Freund oder Freundin. Beim Singen und Spielen kamen die Kinder schnell in Kontakt miteinander. &nbsp;Zu Gast waren wir in der Kirchengemeinde Blexen. Im Gemeindehaus wurden die Gruppenr\u00e4ume kurzerhand zu Schlafs\u00e4len umfunktioniert. &nbsp; &nbsp; Und auch ansonsten stand Improvisation und Umnutzung auf unsrer Tagesordnung. Die Empore im hohen Kirchraum diente&#8230;<\/p>\n","protected":false},"author":7,"featured_media":0,"comment_status":"false","ping_status":"open","sticky":false,"template":"","format":"standard","meta":{"footnotes":""},"categories":[43],"tags":[44],"class_list":["post-24105","post","type-post","status-publish","format-standard","hentry","category-kirche-oldenburg","tag-kirche-oldenburg"],"_links":{"self":[{"href":"https:\/\/christusnews.de\/site\/wp-json\/wp\/v2\/posts\/24105","targetHints":{"allow":["GET"]}}],"collection":[{"href":"https:\/\/christusnews.de\/site\/wp-json\/wp\/v2\/posts"}],"about":[{"href":"https:\/\/christusnews.de\/site\/wp-json\/wp\/v2\/types\/post"}],"author":[{"embeddable":true,"href":"https:\/\/christusnews.de\/site\/wp-json\/wp\/v2\/users\/7"}],"replies":[{"embeddable":true,"href":"https:\/\/christusnews.de\/site\/wp-json\/wp\/v2\/comments?post=24105"}],"version-history":[{"count":1,"href":"https:\/\/christusnews.de\/site\/wp-json\/wp\/v2\/posts\/24105\/revisions"}],"predecessor-version":[{"id":24106,"href":"https:\/\/christusnews.de\/site\/wp-json\/wp\/v2\/posts\/24105\/revisions\/24106"}],"wp:attachment":[{"href":"https:\/\/christusnews.de\/site\/wp-json\/wp\/v2\/media?parent=24105"}],"wp:term":[{"taxonomy":"category","embeddable":true,"href":"https:\/\/christusnews.de\/site\/wp-json\/wp\/v2\/categories?post=24105"},{"taxonomy":"post_tag","embeddable":true,"href":"https:\/\/christusnews.de\/site\/wp-json\/wp\/v2\/tags?post=24105"}],"curies":[{"name":"wp","href":"https:\/\/api.w.org\/{rel}","templated":true}]}}