{"id":24107,"date":"2023-05-15T12:40:00","date_gmt":"2023-05-15T10:40:00","guid":{"rendered":"https:\/\/christusnews.de\/site\/zahl-politisch-motivierter-straftaten-leicht-zurueckgegangen\/"},"modified":"2023-05-16T23:19:32","modified_gmt":"2023-05-16T21:19:32","slug":"zahl-politisch-motivierter-straftaten-leicht-zurueckgegangen","status":"publish","type":"post","link":"https:\/\/christusnews.de\/site\/zahl-politisch-motivierter-straftaten-leicht-zurueckgegangen\/","title":{"rendered":"Zahl politisch motivierter Straftaten leicht zur\u00fcckgegangen"},"content":{"rendered":"<p class=\"MsoPlainText\">Hannover (epd). Die Zahl der politisch motivierten Straftaten ist&nbsp;2022 in Niedersachsen im Vergleich zum Vorjahr um etwa 11 Prozent auf&nbsp;4.768 Taten gesunken. Dennoch verharre die politisch motivierte Kriminalit\u00e4t im Zehnjahresvergleich auf einem hohen Niveau, betonte Innenministerin Daniela Behrens (SPD) am Montag bei der Vorstellung der Statistik in Hannover. \u00abWir haben einen R\u00fcckgang der absoluten Zahlen, aber keine entspannte Lage.\u00bb<\/p>\n<p class=\"MsoPlainText\">&nbsp;<\/p>\n<p class=\"MsoPlainText\">Grunds\u00e4tzlich spiegele sich in der Qualit\u00e4t der Taten der gesellschaftliche Diskurs, erl\u00e4uterte Behrens. So h\u00e4tten im vergangenen Jahr viele Straftaten im Zusammenhang mit der Corona-Pandemie, der Landtagswahl oder auch dem Ukrainekrieg gestanden. Die rechtsmotivierten Straftaten nahmen mit 1.992 F\u00e4llen weiterhin einen gro\u00dfen Anteil innerhalb der Statistik ein. Im Vergleich zum Vorjahr sei dennoch ein R\u00fcckgang um 13 Prozent zu verzeichnen. Linkspolitisch motivierte Straftaten gingen sogar drastisch zur\u00fcck, von 1.226 F\u00e4llen im Jahr 2021 auf 693 F\u00e4lle im Jahr 2022.<\/p>\n<p class=\"MsoPlainText\">&nbsp;<\/p>\n<p class=\"MsoPlainText\">Klassische Zuteilungen in rechts- oder linksmotivierte Straftaten fielen allerdings zunehmend schwer. So gebe es mittlerweile unter dem Punkt \u00abNicht zuzuordnen\u00bb mit 2.181 verzeichneten Taten auch einen gro\u00dfen Anteil an politisch motivierter Kriminalit\u00e4t. Im Vorjahr waren unter diesem Punkt noch 1.964 Taten erfasst worden. \u00abDazu z\u00e4hlen Querdenker, Reichsb\u00fcrger, Putin-Fans oder Anh\u00e4nger von Verschw\u00f6rungstheorien\u00bb, sagte die Ministerin. \u00abDieser heterogenen Szene rechtsstaatlich etwas entgegenzusetzen, wird eine vorrangige Aufgabe der kommenden Jahre werden.\u00bb<\/p>\n<p>Kirche-Oldenburg<br \/>\n<a href=\"https:\/\/www.kirche-oldenburg.de\/\/aktuell\/news-niedersachsen\/artikel\/zahl-politisch-motivierter-straftaten-leicht-zurueckgegangen\" target=\"_blank\" rel=\"noopener\">Zahl politisch motivierter Straftaten leicht zur\u00fcckgegangen<\/a><\/p>\n","protected":false},"excerpt":{"rendered":"<p>Hannover (epd). Die Zahl der politisch motivierten Straftaten ist&nbsp;2022 in Niedersachsen im Vergleich zum Vorjahr um etwa 11 Prozent auf&nbsp;4.768 Taten gesunken. Dennoch verharre die politisch motivierte Kriminalit\u00e4t im Zehnjahresvergleich auf einem hohen Niveau, betonte Innenministerin Daniela Behrens (SPD) am Montag bei der Vorstellung der Statistik in Hannover. \u00abWir haben einen R\u00fcckgang der absoluten Zahlen, aber keine entspannte Lage.\u00bb &nbsp; Grunds\u00e4tzlich spiegele sich in der Qualit\u00e4t der Taten der gesellschaftliche Diskurs, erl\u00e4uterte Behrens. So h\u00e4tten im vergangenen Jahr viele Straftaten im Zusammenhang mit der Corona-Pandemie, der Landtagswahl oder auch dem Ukrainekrieg gestanden. Die rechtsmotivierten Straftaten nahmen mit 1.992 F\u00e4llen weiterhin&#8230;<\/p>\n","protected":false},"author":7,"featured_media":0,"comment_status":"false","ping_status":"open","sticky":false,"template":"","format":"standard","meta":{"footnotes":""},"categories":[43],"tags":[44],"class_list":["post-24107","post","type-post","status-publish","format-standard","hentry","category-kirche-oldenburg","tag-kirche-oldenburg"],"_links":{"self":[{"href":"https:\/\/christusnews.de\/site\/wp-json\/wp\/v2\/posts\/24107","targetHints":{"allow":["GET"]}}],"collection":[{"href":"https:\/\/christusnews.de\/site\/wp-json\/wp\/v2\/posts"}],"about":[{"href":"https:\/\/christusnews.de\/site\/wp-json\/wp\/v2\/types\/post"}],"author":[{"embeddable":true,"href":"https:\/\/christusnews.de\/site\/wp-json\/wp\/v2\/users\/7"}],"replies":[{"embeddable":true,"href":"https:\/\/christusnews.de\/site\/wp-json\/wp\/v2\/comments?post=24107"}],"version-history":[{"count":1,"href":"https:\/\/christusnews.de\/site\/wp-json\/wp\/v2\/posts\/24107\/revisions"}],"predecessor-version":[{"id":24108,"href":"https:\/\/christusnews.de\/site\/wp-json\/wp\/v2\/posts\/24107\/revisions\/24108"}],"wp:attachment":[{"href":"https:\/\/christusnews.de\/site\/wp-json\/wp\/v2\/media?parent=24107"}],"wp:term":[{"taxonomy":"category","embeddable":true,"href":"https:\/\/christusnews.de\/site\/wp-json\/wp\/v2\/categories?post=24107"},{"taxonomy":"post_tag","embeddable":true,"href":"https:\/\/christusnews.de\/site\/wp-json\/wp\/v2\/tags?post=24107"}],"curies":[{"name":"wp","href":"https:\/\/api.w.org\/{rel}","templated":true}]}}