{"id":24121,"date":"2023-05-21T13:02:00","date_gmt":"2023-05-21T11:02:00","guid":{"rendered":"https:\/\/christusnews.de\/site\/dachverband-sortenvielfalt-von-nutzpflanzen-erhalten\/"},"modified":"2023-05-23T11:17:27","modified_gmt":"2023-05-23T09:17:27","slug":"dachverband-sortenvielfalt-von-nutzpflanzen-erhalten","status":"publish","type":"post","link":"https:\/\/christusnews.de\/site\/dachverband-sortenvielfalt-von-nutzpflanzen-erhalten\/","title":{"rendered":"Dachverband: Sortenvielfalt von Nutzpflanzen erhalten"},"content":{"rendered":"<p class=\"MsoPlainText\">Wolfenb\u00fcttel\/Bonn (epd). Zum \u00abInternationalen Tag der biologischen Vielfalt\u00bb an diesem Montag (22. Mai) haben Experten dazu aufgerufen, die Sortenvielfalt von Obst, Gem\u00fcse, Getreide und anderen Nutzpflanzen zu erhalten. Die Vielfalt von Kulturpflanzen sei eine grundlegende Bedingung f\u00fcr die Nahrungsmittelsicherheit, erkl\u00e4rte der bundesweite Dachverband Kulturpflanzen- und Nutztiervielfalt am Sonntag in Wolfenb\u00fcttel und Bonn.<\/p>\n<p class=\"MsoPlainText\">&nbsp;<\/p>\n<p class=\"MsoPlainText\">Die Politik m\u00fcsse ihre Erhaltung deshalb von b\u00fcrokratischen Vorschriften befreien und sie auch finanziell f\u00f6rdern. Sorten, die aus b\u00e4uerlicher Arbeit entstanden seien, stellten ein kulturelles Gemeingut dar. Vielfaltssorten k\u00f6nnten sich dank ihrer genetischen Variabilit\u00e4t auch gut an den Klimawandel anpassen.<\/p>\n<p class=\"MsoPlainText\">&nbsp;<\/p>\n<p class=\"MsoPlainText\">Wichtig sei, die traditionelle Sortenvielfalt dezentral zu erhalten, betonte Vorstandsmitglied Frank Adams: \u00abWenn Saatgut auf den H\u00f6fen und in den G\u00e4rten vermehrt wird, kommt es zu einer kontinuierlichen und fortschreitenden Anpassung der Sorten an die lokalen Kultur- und Umweltbedingungen. Eine standardisierte, zentralisierte und privatisierte Saatgut-Industrie kann dies nicht bieten.\u00bb<\/p>\n<p class=\"MsoPlainText\">&nbsp;<\/p>\n<p class=\"MsoPlainText\">Vorstandsmitglied Andreas Riekeberg aus Wolfenb\u00fcttel sagte, mit der traditionellen Sortenvielfalt sei auch viel kulturelles Wissen verbunden. \u00abDeswegen d\u00fcrfen sie nicht als kommerzielle Handelsware betrachtet werden, sondern m\u00fcssen als ein Kulturerbe der Menschheit gelten\u00bb, betonte der evangelische Pfarrer. In dem Verband sind Akteure zusammengeschlossen, die beruflich oder ehrenamtlich im Bereich der traditionellen Sortenvielfalt arbeiten.<\/p>\n<p>Kirche-Oldenburg<br \/>\n<a href=\"https:\/\/www.kirche-oldenburg.de\/\/aktuell\/news-niedersachsen\/artikel\/dachverband-sortenvielfalt-von-nutzpflanzen-erhalten\" target=\"_blank\" rel=\"noopener\">Dachverband: Sortenvielfalt von Nutzpflanzen erhalten<\/a><\/p>\n","protected":false},"excerpt":{"rendered":"<p>Wolfenb\u00fcttel\/Bonn (epd). Zum \u00abInternationalen Tag der biologischen Vielfalt\u00bb an diesem Montag (22. Mai) haben Experten dazu aufgerufen, die Sortenvielfalt von Obst, Gem\u00fcse, Getreide und anderen Nutzpflanzen zu erhalten. Die Vielfalt von Kulturpflanzen sei eine grundlegende Bedingung f\u00fcr die Nahrungsmittelsicherheit, erkl\u00e4rte der bundesweite Dachverband Kulturpflanzen- und Nutztiervielfalt am Sonntag in Wolfenb\u00fcttel und Bonn. &nbsp; Die Politik m\u00fcsse ihre Erhaltung deshalb von b\u00fcrokratischen Vorschriften befreien und sie auch finanziell f\u00f6rdern. Sorten, die aus b\u00e4uerlicher Arbeit entstanden seien, stellten ein kulturelles Gemeingut dar. Vielfaltssorten k\u00f6nnten sich dank ihrer genetischen Variabilit\u00e4t auch gut an den Klimawandel anpassen. &nbsp; Wichtig sei, die traditionelle Sortenvielfalt dezentral&#8230;<\/p>\n","protected":false},"author":7,"featured_media":0,"comment_status":"false","ping_status":"open","sticky":false,"template":"","format":"standard","meta":{"footnotes":""},"categories":[43],"tags":[44],"class_list":["post-24121","post","type-post","status-publish","format-standard","hentry","category-kirche-oldenburg","tag-kirche-oldenburg"],"_links":{"self":[{"href":"https:\/\/christusnews.de\/site\/wp-json\/wp\/v2\/posts\/24121","targetHints":{"allow":["GET"]}}],"collection":[{"href":"https:\/\/christusnews.de\/site\/wp-json\/wp\/v2\/posts"}],"about":[{"href":"https:\/\/christusnews.de\/site\/wp-json\/wp\/v2\/types\/post"}],"author":[{"embeddable":true,"href":"https:\/\/christusnews.de\/site\/wp-json\/wp\/v2\/users\/7"}],"replies":[{"embeddable":true,"href":"https:\/\/christusnews.de\/site\/wp-json\/wp\/v2\/comments?post=24121"}],"version-history":[{"count":1,"href":"https:\/\/christusnews.de\/site\/wp-json\/wp\/v2\/posts\/24121\/revisions"}],"predecessor-version":[{"id":24122,"href":"https:\/\/christusnews.de\/site\/wp-json\/wp\/v2\/posts\/24121\/revisions\/24122"}],"wp:attachment":[{"href":"https:\/\/christusnews.de\/site\/wp-json\/wp\/v2\/media?parent=24121"}],"wp:term":[{"taxonomy":"category","embeddable":true,"href":"https:\/\/christusnews.de\/site\/wp-json\/wp\/v2\/categories?post=24121"},{"taxonomy":"post_tag","embeddable":true,"href":"https:\/\/christusnews.de\/site\/wp-json\/wp\/v2\/tags?post=24121"}],"curies":[{"name":"wp","href":"https:\/\/api.w.org\/{rel}","templated":true}]}}