{"id":24123,"date":"2023-05-21T13:01:00","date_gmt":"2023-05-21T11:01:00","guid":{"rendered":"https:\/\/christusnews.de\/site\/gewerkschafterin-in-niedersachsens-kitas-fehlen-12-000-fachkraefte\/"},"modified":"2023-05-23T11:17:28","modified_gmt":"2023-05-23T09:17:28","slug":"gewerkschafterin-in-niedersachsens-kitas-fehlen-12-000-fachkraefte","status":"publish","type":"post","link":"https:\/\/christusnews.de\/site\/gewerkschafterin-in-niedersachsens-kitas-fehlen-12-000-fachkraefte\/","title":{"rendered":"Gewerkschafterin: In Niedersachsens Kitas fehlen 12.000 Fachkr\u00e4fte"},"content":{"rendered":"<p class=\"MsoPlainText\">Hannover (epd). Kurz vor dem Kita-Gipfel des Landes Niedersachsen am 25. Mai warnt die ver.di-Gewerkschaftssekret\u00e4rin Katja Wingelewski davor, Gruppen in Kindertagesst\u00e4tten zu vergr\u00f6\u00dfern oder Qualifikationsstandards abzusenken. Das seien keine geeigneten Mittel gegen den Fachkr\u00e4ftemangel, da sie die Unzufriedenheit der Mitarbeiter und damit die Flucht aus dem Berufsfeld bef\u00f6rderten, sagte die Kita-Expertin des ver.di-Landesbezirks Niedersachsen-Bremen dem Evangelischen Pressedienst (epd). N\u00f6tig seien vielmehr erhebliche Investitionen, um das gesamte System der fr\u00fchkindlichen Bildung und Erziehung zu stabilisieren.<\/p>\n<p class=\"MsoPlainText\">&nbsp;<\/p>\n<p class=\"MsoPlainText\">\u00abDie Personalschl\u00fcssel in den Kitas reichen schon jetzt nicht aus\u00bb, erl\u00e4uterte Wingelewski. Aktuellen Berechnungen zufolge h\u00e4tten 2021 in Niedersachsen mehr als 2.600 Erzieherinnen und Erzieher gefehlt. Insgesamt seien mehr als 3.200 Stellen offen gewesen. Zudem m\u00fcssten in dem Bundesland in diesem Jahr zus\u00e4tzlich zum vorhandenen Personal 12.000 Fachkr\u00e4fte, also Erzieher und sozialp\u00e4dagogische Assistenten, eingestellt werden, um die Nachfrage nach Kita-Pl\u00e4tzen zu decken.<\/p>\n<p class=\"MsoPlainText\">&nbsp;<\/p>\n<p class=\"MsoPlainText\">Gute Arbeits- und Rahmenbedingungen seien die entscheidende Stellschraube, um p\u00e4dagogische Fachkr\u00e4fte in den Kitas zu halten und neue zu gewinnen, sagte die Gewerkschafterin. Eine tarifliche Bezahlung sei bei freien und privaten Tr\u00e4gern l\u00e4ngst noch nicht \u00fcberall gegeben. Auch f\u00fcr Auszubildende sei eine gute Verg\u00fctung erforderlich.<\/p>\n<p class=\"MsoPlainText\">&nbsp;<\/p>\n<p class=\"MsoPlainText\">Um \u00fcberdies die Kita-Standards weiterentwickeln zu k\u00f6nnen, brauche es schon jetzt die dritte Fachkraft in allen Kindergarten-Gruppen. Diese ist nach dem nieders\u00e4chsischen Kita-Gesetz ab 2027 verpflichtend. \u00abAus unserer Sicht ist das viel zu sp\u00e4t\u00bb, kritisierte Wingelewski. Erzieherinnnen und Erzieher br\u00e4uchten au\u00dferdem mehr Zeit f\u00fcr Leitungsaufgaben, Ausbildungsbegleitung sowie f\u00fcr die Vor- und Nachbereitung ihrer p\u00e4dagogischen Arbeit. Hierf\u00fcr m\u00fcsse Entlastung durch zus\u00e4tzliches Kita-Personal in den Bereichen Hauswirtschaft, Verwaltung und Technik geschaffen werden.<\/p>\n<p class=\"MsoPlainText\">&nbsp;<\/p>\n<p class=\"MsoPlainText\">Schon das bestehende Kita-Angebot k\u00f6nne nur durch das hohe Engagement und \u00abpermanente Arbeits\u00fcberlastung\u00bb der p\u00e4dagogischen Fachkr\u00e4fte aufrechterhalten werden, gab die Gewerkschafterin zu bedenken. \u00abDas klappt oft nur durch \u00dcberstunden, Verzicht auf Pausen und Einspringen aus der Freizeit. Kein Wunder, wenn dann viele gut ausgebildete Fachkr\u00e4fte dem Beruf den R\u00fccken kehren.\u00bb<\/p>\n<p>Kirche-Oldenburg<br \/>\n<a href=\"https:\/\/www.kirche-oldenburg.de\/\/aktuell\/news-niedersachsen\/artikel\/gewerkschafterin-in-niedersachsens-kitas-fehlen-12000-fachkraefte\" target=\"_blank\" rel=\"noopener\">Gewerkschafterin: In Niedersachsens Kitas fehlen 12.000 Fachkr\u00e4fte<\/a><\/p>\n","protected":false},"excerpt":{"rendered":"<p>Hannover (epd). Kurz vor dem Kita-Gipfel des Landes Niedersachsen am 25. Mai warnt die ver.di-Gewerkschaftssekret\u00e4rin Katja Wingelewski davor, Gruppen in Kindertagesst\u00e4tten zu vergr\u00f6\u00dfern oder Qualifikationsstandards abzusenken. Das seien keine geeigneten Mittel gegen den Fachkr\u00e4ftemangel, da sie die Unzufriedenheit der Mitarbeiter und damit die Flucht aus dem Berufsfeld bef\u00f6rderten, sagte die Kita-Expertin des ver.di-Landesbezirks Niedersachsen-Bremen dem Evangelischen Pressedienst (epd). N\u00f6tig seien vielmehr erhebliche Investitionen, um das gesamte System der fr\u00fchkindlichen Bildung und Erziehung zu stabilisieren. &nbsp; \u00abDie Personalschl\u00fcssel in den Kitas reichen schon jetzt nicht aus\u00bb, erl\u00e4uterte Wingelewski. Aktuellen Berechnungen zufolge h\u00e4tten 2021 in Niedersachsen mehr als 2.600 Erzieherinnen und Erzieher&#8230;<\/p>\n","protected":false},"author":7,"featured_media":0,"comment_status":"false","ping_status":"open","sticky":false,"template":"","format":"standard","meta":{"footnotes":""},"categories":[43],"tags":[44],"class_list":["post-24123","post","type-post","status-publish","format-standard","hentry","category-kirche-oldenburg","tag-kirche-oldenburg"],"_links":{"self":[{"href":"https:\/\/christusnews.de\/site\/wp-json\/wp\/v2\/posts\/24123","targetHints":{"allow":["GET"]}}],"collection":[{"href":"https:\/\/christusnews.de\/site\/wp-json\/wp\/v2\/posts"}],"about":[{"href":"https:\/\/christusnews.de\/site\/wp-json\/wp\/v2\/types\/post"}],"author":[{"embeddable":true,"href":"https:\/\/christusnews.de\/site\/wp-json\/wp\/v2\/users\/7"}],"replies":[{"embeddable":true,"href":"https:\/\/christusnews.de\/site\/wp-json\/wp\/v2\/comments?post=24123"}],"version-history":[{"count":1,"href":"https:\/\/christusnews.de\/site\/wp-json\/wp\/v2\/posts\/24123\/revisions"}],"predecessor-version":[{"id":24124,"href":"https:\/\/christusnews.de\/site\/wp-json\/wp\/v2\/posts\/24123\/revisions\/24124"}],"wp:attachment":[{"href":"https:\/\/christusnews.de\/site\/wp-json\/wp\/v2\/media?parent=24123"}],"wp:term":[{"taxonomy":"category","embeddable":true,"href":"https:\/\/christusnews.de\/site\/wp-json\/wp\/v2\/categories?post=24123"},{"taxonomy":"post_tag","embeddable":true,"href":"https:\/\/christusnews.de\/site\/wp-json\/wp\/v2\/tags?post=24123"}],"curies":[{"name":"wp","href":"https:\/\/api.w.org\/{rel}","templated":true}]}}