{"id":24127,"date":"2023-05-20T12:57:00","date_gmt":"2023-05-20T10:57:00","guid":{"rendered":"https:\/\/christusnews.de\/site\/bremische-kirche-beraet-ueber-finanzielle-perspektiven-der-zukunft\/"},"modified":"2023-05-23T11:17:28","modified_gmt":"2023-05-23T09:17:28","slug":"bremische-kirche-beraet-ueber-finanzielle-perspektiven-der-zukunft","status":"publish","type":"post","link":"https:\/\/christusnews.de\/site\/bremische-kirche-beraet-ueber-finanzielle-perspektiven-der-zukunft\/","title":{"rendered":"Bremische Kirche ber\u00e4t \u00fcber finanzielle Perspektiven der Zukunft"},"content":{"rendered":"<p class=\"MsoPlainText\">Bremen (epd). Beratungen zu den finanziellen Perspektiven stehen im Mittelpunkt des eint\u00e4gigen \u00abKirchentags\u00bb, zu dem das Parlament der Bremischen Evangelischen Kirche am Mittwoch (24. Mai) zusammenkommt.&nbsp;Eine Koordinierungsgruppe wird dabei \u00fcber M\u00f6glichkeiten f\u00fcr Haushaltsk\u00fcrzungen berichten, wie eine Kirchensprecherin am Sonnabend mitteilte. Der Etat der Kirche f\u00fcr 2023 liegt bei insgesamt 128,5 Millionen Euro. Die 150 Delegierten wollen zudem den Geb\u00e4udebestand auf den Pr\u00fcfstand stellen und \u00fcber die vom Kirchenausschuss empfohlene Schlie\u00dfung des Arbeitsbereichs Kulturkirche beraten.<\/p>\n<p class=\"MsoPlainText\">&nbsp;<\/p>\n<p class=\"MsoPlainText\">Zum Auftakt der Fr\u00fchjahrstagung will Schriftf\u00fchrer Pastor Bernd Kuschnerus in seinem Jahresbericht das Projekt \u00abOrte der W\u00e4rme\u00bb auswerten. Damit wollten Kirche und Diakonie im Winter angesichts von Energiekrise und Inflation mittellose und einsame Menschen unterst\u00fctzen. In der Hansestadt hatten mehr als 30 W\u00e4rmestuben ge\u00f6ffnet. Zu den kostenlosen Angeboten geh\u00f6rten Mittagstische, Caf\u00e9s und Indoor-Spielpl\u00e4tze.<\/p>\n<p class=\"MsoPlainText\">&nbsp;<\/p>\n<p class=\"MsoPlainText\">&nbsp;Weitere Schwerpunkte bei der Tagung in der \u00d6VB-Arena an der B\u00fcrgerweide sind der Startschuss f\u00fcr das kirchliche Klimaschutzgesetz und die Kirchenverfassung. Die Bremische Kirche bekenne sich zu Ihrer Verantwortung f\u00fcr die Bewahrung der Sch\u00f6pfung und die global gerechte Verteilung von Ressourcen, hie\u00df es. Deshalb w\u00fcrden nun klare Klimaschutzziele definiert und die zahlreichen kirchlichen Aktivit\u00e4ten zum Klimaschutz geb\u00fcndelt und ausgebaut.<\/p>\n<p class=\"MsoPlainText\">&nbsp;<\/p>\n<p class=\"MsoPlainText\">Zur Bremischen Evangelischen Kirche geh\u00f6ren 58 Gemeinden mit rund 163.000 Mitgliedern. Sie ist die einzige Landeskirche Deutschlands, die sich fast nur auf st\u00e4dtisches Gebiet erstreckt.<\/p>\n<p>Kirche-Oldenburg<br \/>\n<a href=\"https:\/\/www.kirche-oldenburg.de\/\/aktuell\/news-niedersachsen\/artikel\/bremische-kirche-beraet-ueber-finanzielle-perspektiven-der-zukunft\" target=\"_blank\" rel=\"noopener\">Bremische Kirche ber\u00e4t \u00fcber finanzielle Perspektiven der Zukunft<\/a><\/p>\n","protected":false},"excerpt":{"rendered":"<p>Bremen (epd). Beratungen zu den finanziellen Perspektiven stehen im Mittelpunkt des eint\u00e4gigen \u00abKirchentags\u00bb, zu dem das Parlament der Bremischen Evangelischen Kirche am Mittwoch (24. Mai) zusammenkommt.&nbsp;Eine Koordinierungsgruppe wird dabei \u00fcber M\u00f6glichkeiten f\u00fcr Haushaltsk\u00fcrzungen berichten, wie eine Kirchensprecherin am Sonnabend mitteilte. Der Etat der Kirche f\u00fcr 2023 liegt bei insgesamt 128,5 Millionen Euro. Die 150 Delegierten wollen zudem den Geb\u00e4udebestand auf den Pr\u00fcfstand stellen und \u00fcber die vom Kirchenausschuss empfohlene Schlie\u00dfung des Arbeitsbereichs Kulturkirche beraten. &nbsp; Zum Auftakt der Fr\u00fchjahrstagung will Schriftf\u00fchrer Pastor Bernd Kuschnerus in seinem Jahresbericht das Projekt \u00abOrte der W\u00e4rme\u00bb auswerten. Damit wollten Kirche und Diakonie im Winter&#8230;<\/p>\n","protected":false},"author":7,"featured_media":0,"comment_status":"false","ping_status":"open","sticky":false,"template":"","format":"standard","meta":{"footnotes":""},"categories":[43],"tags":[44],"class_list":["post-24127","post","type-post","status-publish","format-standard","hentry","category-kirche-oldenburg","tag-kirche-oldenburg"],"_links":{"self":[{"href":"https:\/\/christusnews.de\/site\/wp-json\/wp\/v2\/posts\/24127","targetHints":{"allow":["GET"]}}],"collection":[{"href":"https:\/\/christusnews.de\/site\/wp-json\/wp\/v2\/posts"}],"about":[{"href":"https:\/\/christusnews.de\/site\/wp-json\/wp\/v2\/types\/post"}],"author":[{"embeddable":true,"href":"https:\/\/christusnews.de\/site\/wp-json\/wp\/v2\/users\/7"}],"replies":[{"embeddable":true,"href":"https:\/\/christusnews.de\/site\/wp-json\/wp\/v2\/comments?post=24127"}],"version-history":[{"count":1,"href":"https:\/\/christusnews.de\/site\/wp-json\/wp\/v2\/posts\/24127\/revisions"}],"predecessor-version":[{"id":24128,"href":"https:\/\/christusnews.de\/site\/wp-json\/wp\/v2\/posts\/24127\/revisions\/24128"}],"wp:attachment":[{"href":"https:\/\/christusnews.de\/site\/wp-json\/wp\/v2\/media?parent=24127"}],"wp:term":[{"taxonomy":"category","embeddable":true,"href":"https:\/\/christusnews.de\/site\/wp-json\/wp\/v2\/categories?post=24127"},{"taxonomy":"post_tag","embeddable":true,"href":"https:\/\/christusnews.de\/site\/wp-json\/wp\/v2\/tags?post=24127"}],"curies":[{"name":"wp","href":"https:\/\/api.w.org\/{rel}","templated":true}]}}