{"id":24131,"date":"2023-05-18T12:54:00","date_gmt":"2023-05-18T10:54:00","guid":{"rendered":"https:\/\/christusnews.de\/site\/neue-ausstellung-zeigt-horst-janssen-als-fotokuenstler\/"},"modified":"2023-05-23T11:17:29","modified_gmt":"2023-05-23T09:17:29","slug":"neue-ausstellung-zeigt-horst-janssen-als-fotokuenstler","status":"publish","type":"post","link":"https:\/\/christusnews.de\/site\/neue-ausstellung-zeigt-horst-janssen-als-fotokuenstler\/","title":{"rendered":"Neue Ausstellung zeigt Horst Janssen als Fotok\u00fcnstler"},"content":{"rendered":"<p class=\"MsoPlainText\">Oldenburg (epd). Eine neue Ausstellung im Oldenburger Horst-Janssen-Museum zeigt den K\u00fcnstler Janssen (1929-1995) von einer bislang eher unbekannten Seite: als begeisterten Fotografen. Sein vielf\u00e4ltiges fotografisches Werk umfasst nach Museumsangaben rund&nbsp;3.000 Fotos, von denen ein Gro\u00dfteil noch unbesehen in Archiven in Oldenburg und Hamburg lagert. Die Ausstellung mit dem Titel \u00abI think the power of photography did hit Mr. Janssen\u00bb wird am Sonntag (21.&nbsp;Mai) anl\u00e4sslich des Internationalen Museumstags er\u00f6ffnet. Sie l\u00e4uft bis zum 24. September.<\/p>\n<p class=\"MsoPlainText\">&nbsp;<\/p>\n<p class=\"MsoPlainText\">\u00abHorst Janssen war nicht nur Zeichner, Radierer und Literat, sondern auch zeit seines Lebens von der Fotografie fasziniert\u00bb, erl\u00e4uterte Museumsleiterin Jutta Moster-Hoos. Doch die bislang letzte Ausstellung zu Janssens Fotografie sei schon 20 Jahre her. Vorbereitet und kuratiert wurde die Schau von dem Fotok\u00fcnstler Oliver Godow, zurzeit Forschungsstipendiat des Museums, und der wissenschaftlichen Mitarbeiterin Sabine Siebel. Ein gro\u00dfer Teil der rund 150 Fotos wird zum ersten Mal \u00f6ffentlich pr\u00e4sentiert. Zu sehen sind Selbstbildnisse, Portr\u00e4ts seiner Frauen, Stillleben, Landschaften und Naturfotos.<\/p>\n<p class=\"MsoPlainText\">&nbsp;<\/p>\n<p class=\"MsoPlainText\">\u00abMit der Kamera konnte Janssen unmittelbar seine Bildempfindung festhalten, die deckungsgleich mit seinem Blick, seiner Intention und seinem Seelenzustand war\u00bb, erl\u00e4uterte Godow. \u00abDie Kamera war schnell wie sein Auge und dabei schneller als sein Strich.\u00bb Die vielen Fotografien zeugten von einem \u00abrastlos Suchenden, von einem Workaholic, aber auch von einem Egomaniac\u00bb.<\/p>\n<p class=\"MsoPlainText\">&nbsp;<\/p>\n<p class=\"MsoPlainText\">Siebel erg\u00e4nzte, die Kamera habe dem K\u00fcnstler Entlastung vom Zeichnen geboten. Entsprechend intensiv und begeistert habe Janssen die Fotografie genutzt, oft spontan und spielerisch, aber auch mit gro\u00dfer Ernsthaftigkeit. Besonders gern habe er in den 1970er- und 1980er-Jahren zur Polaroid-Kamera gegriffen.<\/p>\n<p class=\"MsoPlainText\">&nbsp;<\/p>\n<p class=\"MsoPlainText\">Zur Sammlung des Horst-Janssen-Museums geh\u00f6ren zahlreiche Schwarzwei\u00df-Fotos, aber auch viele farbige Polaroids. Sie werden in der Ausstellung durch Leihgaben aus der Galerie St. Gertrude und Foto-Repros aus der Hamburger Kunsthalle erg\u00e4nzt. Hinzu kommt bisher unbekanntes Material aus dem Nachlass des Hamburger Fotografen und Janssen-Freundes Volker Eckhoff. Erg\u00e4nzt werden Janssens Werke durch Eigenproduktionen von Oliver Godow.<\/p>\n<p>Kirche-Oldenburg<br \/>\n<a href=\"https:\/\/www.kirche-oldenburg.de\/\/aktuell\/news-niedersachsen\/artikel\/neue-ausstellung-zeigt-horst-janssen-als-fotokuenstler\" target=\"_blank\" rel=\"noopener\">Neue Ausstellung zeigt Horst Janssen als Fotok\u00fcnstler<\/a><\/p>\n","protected":false},"excerpt":{"rendered":"<p>Oldenburg (epd). Eine neue Ausstellung im Oldenburger Horst-Janssen-Museum zeigt den K\u00fcnstler Janssen (1929-1995) von einer bislang eher unbekannten Seite: als begeisterten Fotografen. Sein vielf\u00e4ltiges fotografisches Werk umfasst nach Museumsangaben rund&nbsp;3.000 Fotos, von denen ein Gro\u00dfteil noch unbesehen in Archiven in Oldenburg und Hamburg lagert. Die Ausstellung mit dem Titel \u00abI think the power of photography did hit Mr. Janssen\u00bb wird am Sonntag (21.&nbsp;Mai) anl\u00e4sslich des Internationalen Museumstags er\u00f6ffnet. Sie l\u00e4uft bis zum 24. September. &nbsp; \u00abHorst Janssen war nicht nur Zeichner, Radierer und Literat, sondern auch zeit seines Lebens von der Fotografie fasziniert\u00bb, erl\u00e4uterte Museumsleiterin Jutta Moster-Hoos. Doch die bislang&#8230;<\/p>\n","protected":false},"author":7,"featured_media":0,"comment_status":"false","ping_status":"open","sticky":false,"template":"","format":"standard","meta":{"footnotes":""},"categories":[43],"tags":[44],"class_list":["post-24131","post","type-post","status-publish","format-standard","hentry","category-kirche-oldenburg","tag-kirche-oldenburg"],"_links":{"self":[{"href":"https:\/\/christusnews.de\/site\/wp-json\/wp\/v2\/posts\/24131","targetHints":{"allow":["GET"]}}],"collection":[{"href":"https:\/\/christusnews.de\/site\/wp-json\/wp\/v2\/posts"}],"about":[{"href":"https:\/\/christusnews.de\/site\/wp-json\/wp\/v2\/types\/post"}],"author":[{"embeddable":true,"href":"https:\/\/christusnews.de\/site\/wp-json\/wp\/v2\/users\/7"}],"replies":[{"embeddable":true,"href":"https:\/\/christusnews.de\/site\/wp-json\/wp\/v2\/comments?post=24131"}],"version-history":[{"count":1,"href":"https:\/\/christusnews.de\/site\/wp-json\/wp\/v2\/posts\/24131\/revisions"}],"predecessor-version":[{"id":24132,"href":"https:\/\/christusnews.de\/site\/wp-json\/wp\/v2\/posts\/24131\/revisions\/24132"}],"wp:attachment":[{"href":"https:\/\/christusnews.de\/site\/wp-json\/wp\/v2\/media?parent=24131"}],"wp:term":[{"taxonomy":"category","embeddable":true,"href":"https:\/\/christusnews.de\/site\/wp-json\/wp\/v2\/categories?post=24131"},{"taxonomy":"post_tag","embeddable":true,"href":"https:\/\/christusnews.de\/site\/wp-json\/wp\/v2\/tags?post=24131"}],"curies":[{"name":"wp","href":"https:\/\/api.w.org\/{rel}","templated":true}]}}