{"id":24133,"date":"2023-05-18T12:53:00","date_gmt":"2023-05-18T10:53:00","guid":{"rendered":"https:\/\/christusnews.de\/site\/kirchenpraesidentin-betont-an-himmelfahrt-die-kraft-des-glaubens\/"},"modified":"2023-05-23T11:17:30","modified_gmt":"2023-05-23T09:17:30","slug":"kirchenpraesidentin-betont-an-himmelfahrt-die-kraft-des-glaubens","status":"publish","type":"post","link":"https:\/\/christusnews.de\/site\/kirchenpraesidentin-betont-an-himmelfahrt-die-kraft-des-glaubens\/","title":{"rendered":"Kirchenpr\u00e4sidentin betont an Himmelfahrt die Kraft des Glaubens"},"content":{"rendered":"<p class=\"MsoPlainText\">Ditzum\/Kr. Leer (epd). Die evangelisch-reformierte Kirchenpr\u00e4sidentin Susanne Bei der Wieden hat zum Himmelsfahrtsfest die Kraft des Glaubens betont. \u00abHier spannen wir das gro\u00dfe Panorama auf, vor dem wir unsere Wirklichkeit verstehen und die Ereignisse in der Welt deuten\u00bb, sagte sie am Donnerstag bei einem \u00f6kumenischen Gottesdienst unter freiem Himmel im ostfriesischen Ditzum bei Leer.<\/p>\n<p class=\"MsoPlainText\">&nbsp;<\/p>\n<p class=\"MsoPlainText\">Das betreffe politische Fragen ebenso wie das pers\u00f6nliche Geschick. \u00abIm Glauben wagen wir es, gegen alle Waffengewalt in der Welt zu mahnen: Verliert den Frieden nicht aus dem Blickfeld\u00bb, sagte Bei der Wieden laut Redemanuskript. Im Glauben setzten sich Christen auch f\u00fcr den Klimaschutz und f\u00fcr den Erhalt der Sch\u00f6pfung ein: \u00abWir wissen, dass wir die Welt nicht retten werden &#8211; und vertrauen doch darauf, dass unser Handeln etwas bewirkt.\u00bb<\/p>\n<p class=\"MsoPlainText\">&nbsp;<\/p>\n<p class=\"MsoPlainText\">Der Glaube gebe Kraft zum Weitergehen bei Niederlagen und auch zur Hoffnung am Sterbebett, erg\u00e4nzte die Theologin. \u00abIm Glauben \u00fcberwinden wir uns und gehen auf den Nachbarn zu &#8211; auch wenn er den Streit sucht.\u00bb Die Erfahrung von Himmelfahrt bedeute das \u00abAusbrechen aus der Erdenschwere\u00bb, sagte die Kirchenpr\u00e4sidentin mit Blick auf die biblische Geschichte von der Aufnahme Jesu in den Himmel vor den Augen seiner J\u00fcnger. So k\u00f6nnten Christen im \u00fcbertragenen Sinne \u00abein St\u00fcck Himmel erleben\u00bb.<\/p>\n<p class=\"MsoPlainText\">&nbsp;<\/p>\n<p class=\"MsoPlainText\">Die Kirchen im ostfriesischen Rheiderland laden jedes Jahr zu einem \u00f6kumenischen Open-Air-Gottesdienst in den Hafen nach Ditzum ein. Die diesj\u00e4hrige Predigerin Susanne Bei der Wieden steht seit zwei Jahren an der Spitze der Evangelisch-reformierten Kirche mit Sitz in Leer.<\/p>\n<p>Kirche-Oldenburg<br \/>\n<a href=\"https:\/\/www.kirche-oldenburg.de\/\/aktuell\/news-niedersachsen\/artikel\/kirchenpraesidentin-betont-an-himmelfahrt-die-kraft-des-glaubens\" target=\"_blank\" rel=\"noopener\">Kirchenpr\u00e4sidentin betont an Himmelfahrt die Kraft des Glaubens<\/a><\/p>\n","protected":false},"excerpt":{"rendered":"<p>Ditzum\/Kr. Leer (epd). Die evangelisch-reformierte Kirchenpr\u00e4sidentin Susanne Bei der Wieden hat zum Himmelsfahrtsfest die Kraft des Glaubens betont. \u00abHier spannen wir das gro\u00dfe Panorama auf, vor dem wir unsere Wirklichkeit verstehen und die Ereignisse in der Welt deuten\u00bb, sagte sie am Donnerstag bei einem \u00f6kumenischen Gottesdienst unter freiem Himmel im ostfriesischen Ditzum bei Leer. &nbsp; Das betreffe politische Fragen ebenso wie das pers\u00f6nliche Geschick. \u00abIm Glauben wagen wir es, gegen alle Waffengewalt in der Welt zu mahnen: Verliert den Frieden nicht aus dem Blickfeld\u00bb, sagte Bei der Wieden laut Redemanuskript. Im Glauben setzten sich Christen auch f\u00fcr den Klimaschutz und&#8230;<\/p>\n","protected":false},"author":7,"featured_media":0,"comment_status":"false","ping_status":"open","sticky":false,"template":"","format":"standard","meta":{"footnotes":""},"categories":[43],"tags":[44],"class_list":["post-24133","post","type-post","status-publish","format-standard","hentry","category-kirche-oldenburg","tag-kirche-oldenburg"],"_links":{"self":[{"href":"https:\/\/christusnews.de\/site\/wp-json\/wp\/v2\/posts\/24133","targetHints":{"allow":["GET"]}}],"collection":[{"href":"https:\/\/christusnews.de\/site\/wp-json\/wp\/v2\/posts"}],"about":[{"href":"https:\/\/christusnews.de\/site\/wp-json\/wp\/v2\/types\/post"}],"author":[{"embeddable":true,"href":"https:\/\/christusnews.de\/site\/wp-json\/wp\/v2\/users\/7"}],"replies":[{"embeddable":true,"href":"https:\/\/christusnews.de\/site\/wp-json\/wp\/v2\/comments?post=24133"}],"version-history":[{"count":1,"href":"https:\/\/christusnews.de\/site\/wp-json\/wp\/v2\/posts\/24133\/revisions"}],"predecessor-version":[{"id":24134,"href":"https:\/\/christusnews.de\/site\/wp-json\/wp\/v2\/posts\/24133\/revisions\/24134"}],"wp:attachment":[{"href":"https:\/\/christusnews.de\/site\/wp-json\/wp\/v2\/media?parent=24133"}],"wp:term":[{"taxonomy":"category","embeddable":true,"href":"https:\/\/christusnews.de\/site\/wp-json\/wp\/v2\/categories?post=24133"},{"taxonomy":"post_tag","embeddable":true,"href":"https:\/\/christusnews.de\/site\/wp-json\/wp\/v2\/tags?post=24133"}],"curies":[{"name":"wp","href":"https:\/\/api.w.org\/{rel}","templated":true}]}}