{"id":24137,"date":"2023-05-23T16:38:30","date_gmt":"2023-05-23T14:38:30","guid":{"rendered":"https:\/\/christusnews.de\/site\/eine-weichenstellende-synode-erwartet\/"},"modified":"2023-05-23T23:18:27","modified_gmt":"2023-05-23T21:18:27","slug":"eine-weichenstellende-synode-erwartet","status":"publish","type":"post","link":"https:\/\/christusnews.de\/site\/eine-weichenstellende-synode-erwartet\/","title":{"rendered":"Eine \u201eweichenstellende Synode\u201c erwartet"},"content":{"rendered":"<p>Eine \u201einhaltsreiche Tagesordnung\u201c wartet nach Aussage von Synodenpr\u00e4sidentin Sabine Bl\u00fctchen auf die 60 Synodalen w\u00e4hrend der 7. Tagung der 49. Synode der Evangelisch-Lutherischen Kirche in Oldenburg. Das Kirchenparlament wird von Mittwoch, 24. Mai, bis Freitag, 26. Mai, im Evangelischen Bildungshaus Rastede zusammenkommen. Die Anforderungen an den Klimaschutz, der Fachkr\u00e4ftemangel unter Theologinnen und Theologen seien zwei gewichtige Herausforderungen, die angesichts schwindender Ressourcen mit dem Jahresthema: \u201eZukunft Kirche &#8211; Mutig. Zuversichtlich. Lebendig\u201c zusammengebunden w\u00fcrden. \u201eDas ist von hoher Bedeutung\u201c, betonte Bl\u00fctchen.<br \/>\n&nbsp; &nbsp;<br \/>\nEine \u201eweichenstellende Synode\u201c erwartet auch Bischof Thomas Adomeit. Die Synode werde ein Klimaschutzgesetz vorbereiten, das im November zur Entscheidung vorliegen solle. Dieses Gesetz werde sich insbesondere mit den kirchlichen Geb\u00e4uden besch\u00e4ftigen m\u00fcssen. Rund 70 Prozent des CO2-Aussto\u00dfes in der oldenburgischen Kirche gingen auf ihre Geb\u00e4ude, deren Heizungen und Nutzungen zur\u00fcck, so Adomeit. \u201eWir m\u00fcssen kl\u00e4ren, welche Geb\u00e4ude wir halten k\u00f6nnen, welche sanierbar sind und welche wir aufgeben m\u00fcssen.\u201c Bis zum Jahr 2045 wolle die oldenburgische Kirche klimaneutral werden, betonte Bischof Adomeit.<br \/>\n&nbsp; &nbsp;<br \/>\nMit der Einf\u00fchrung und der Erprobung von \u201eInterprofessionellen Teams\u201c gehe es darum, die Pfarrerinnen und Pfarrer in den Gemeinden zu entlasten, erl\u00e4uterte Adomeit. Da immer weniger Menschen in die Pfarrberufe nachr\u00fcckten, m\u00fcssten frei werdende Stellen in den Gemeinden auch mit weitergebildeten Menschen anderer Berufe, wie etwa Diakoninnen und Diakonen oder Kirchenmusikerinnen und -musikern besetzt werden. Zur Frage, wie weit diese pastorale Aufgaben in der Seelsorge oder in der Verwaltung der Sakramente \u00fcbernehmen d\u00fcrfen, erwartet Synodenpr\u00e4sidentin Sabine Bl\u00fctchen \u201eeine lebhafte Diskussion\u201c.<\/p>\n<p>Auch Bischof Adomeit w\u00fcnscht sich mit Blick auf die Kirchenordnung der oldenburgischen Kirche und auf die \u00d6kumene, dass dieses Thema \u201emit gro\u00dfer Vorsicht, aber auch mit Souver\u00e4nit\u00e4t\u201c gef\u00fchrt werde. Auch andere evangelische Kirchen in der Evangelischen Kirche in Deutschland (EKD) w\u00fcrden mit einer \u00d6ffnung \u201eringen\u201c. F\u00fcr ihn sei lediglich beim Beichtgeheimnis eine Grenze zu ziehen. Mit dem Beichtgeheimnis h\u00e4tten die Pfarrerinnen und Pfarrer ein Zeugnisverweigerungsrecht, dass in dem besonderen Dienst- und Treueverh\u00e4ltnis begr\u00fcndet sei. Bereits jetzt erprobten f\u00fcnf Gemeinden der oldenburgischen Kirche die Arbeit mit interprofessionellen Teams. Das bisherige Ergebnis sei eine \u201eermutigende Erfolgsgeschichte\u201c, hob Bischof Adomeit hervor.<br \/>\n&nbsp; &nbsp;<br \/>\nBei dem Jahresthema \u201eZukunft Kirche &#8211; Mutig. Zuversichtlich. Lebendig\u201c werden sich die Synodalen mit der Frage besch\u00e4ftigen, wie sich die Kirche ver\u00e4ndern muss, um Kirche bleiben zu k\u00f6nnen. Dazu wird Pfarrer Dr. Steffen Bauer, Leiter der Darmst\u00e4dter Ehrenamtsakademie der Evangelischen Kirche in Hessen und Nassau, Impulse mit einem Vortrag liefern, die am Donnerstagnachmittag in verschiedenen Arbeitsformen vertieft werden sollen.<br \/>\n&nbsp; &nbsp;<br \/>\nGrunds\u00e4tzlich sind die Verhandlungen der Synode \u00f6ffentlich. Interessierte k\u00f6nnen die gesamte Tagung im Live-Stream verfolgen, der unter dem Kurzlink: kirche-oldenburg.de\/synode\/live (<a href=\"http:\/\/www.kirche-oldenburg.de\/synode\/live\">www.kirche-oldenburg.de\/synode\/live<\/a>) angeboten wird. &nbsp;<\/p>\n<p>Kirche-Oldenburg<br \/>\n<a href=\"https:\/\/www.kirche-oldenburg.de\/\/aktuell\/pressemitteilungen\/artikel\/eine-weichenstellende-synode-erwartet\" target=\"_blank\" rel=\"noopener\">Eine \u201eweichenstellende Synode\u201c erwartet<\/a><\/p>\n","protected":false},"excerpt":{"rendered":"<p>Eine \u201einhaltsreiche Tagesordnung\u201c wartet nach Aussage von Synodenpr\u00e4sidentin Sabine Bl\u00fctchen auf die 60 Synodalen w\u00e4hrend der 7. Tagung der 49. Synode der Evangelisch-Lutherischen Kirche in Oldenburg. Das Kirchenparlament wird von Mittwoch, 24. Mai, bis Freitag, 26. Mai, im Evangelischen Bildungshaus Rastede zusammenkommen. Die Anforderungen an den Klimaschutz, der Fachkr\u00e4ftemangel unter Theologinnen und Theologen seien zwei gewichtige Herausforderungen, die angesichts schwindender Ressourcen mit dem Jahresthema: \u201eZukunft Kirche &#8211; Mutig. Zuversichtlich. Lebendig\u201c zusammengebunden w\u00fcrden. \u201eDas ist von hoher Bedeutung\u201c, betonte Bl\u00fctchen. &nbsp; &nbsp; Eine \u201eweichenstellende Synode\u201c erwartet auch Bischof Thomas Adomeit. Die Synode werde ein Klimaschutzgesetz vorbereiten, das im November zur Entscheidung&#8230;<\/p>\n","protected":false},"author":7,"featured_media":0,"comment_status":"false","ping_status":"open","sticky":false,"template":"","format":"standard","meta":{"footnotes":""},"categories":[43],"tags":[44],"class_list":["post-24137","post","type-post","status-publish","format-standard","hentry","category-kirche-oldenburg","tag-kirche-oldenburg"],"_links":{"self":[{"href":"https:\/\/christusnews.de\/site\/wp-json\/wp\/v2\/posts\/24137","targetHints":{"allow":["GET"]}}],"collection":[{"href":"https:\/\/christusnews.de\/site\/wp-json\/wp\/v2\/posts"}],"about":[{"href":"https:\/\/christusnews.de\/site\/wp-json\/wp\/v2\/types\/post"}],"author":[{"embeddable":true,"href":"https:\/\/christusnews.de\/site\/wp-json\/wp\/v2\/users\/7"}],"replies":[{"embeddable":true,"href":"https:\/\/christusnews.de\/site\/wp-json\/wp\/v2\/comments?post=24137"}],"version-history":[{"count":1,"href":"https:\/\/christusnews.de\/site\/wp-json\/wp\/v2\/posts\/24137\/revisions"}],"predecessor-version":[{"id":24138,"href":"https:\/\/christusnews.de\/site\/wp-json\/wp\/v2\/posts\/24137\/revisions\/24138"}],"wp:attachment":[{"href":"https:\/\/christusnews.de\/site\/wp-json\/wp\/v2\/media?parent=24137"}],"wp:term":[{"taxonomy":"category","embeddable":true,"href":"https:\/\/christusnews.de\/site\/wp-json\/wp\/v2\/categories?post=24137"},{"taxonomy":"post_tag","embeddable":true,"href":"https:\/\/christusnews.de\/site\/wp-json\/wp\/v2\/tags?post=24137"}],"curies":[{"name":"wp","href":"https:\/\/api.w.org\/{rel}","templated":true}]}}