{"id":24157,"date":"2023-05-25T12:03:55","date_gmt":"2023-05-25T10:03:55","guid":{"rendered":"https:\/\/christusnews.de\/site\/?p=24157"},"modified":"2023-05-25T12:04:49","modified_gmt":"2023-05-25T10:04:49","slug":"suedkiez-fest","status":"publish","type":"post","link":"https:\/\/christusnews.de\/site\/suedkiez-fest\/","title":{"rendered":"S\u00fcdkiez Fest"},"content":{"rendered":"\n<p>In der Rheinstrasse wird am Samstag, 27. Mai ein gro\u00dfes Strassenfest rund um den alten Rathausplatz gefeiert. Auch auf dem Kirchengel\u00e4nde ist zwischen 11 &#8211; 17 Uhr Zeit und Raum f\u00fcr Begegnung und Zusammensein. Das Strassenfest wird dann rund um den Rathausplatz noch bis 23 Uhr gefeiert. Wir freuen uns auf ein anregendes Begegnungsfest.<\/p>\n\n\n\n<figure class=\"wp-block-image size-full\"><a href=\"https:\/\/christusnews.de\/site\/wp-content\/uploads\/Bild-25.05.23-um-09.07-1.jpg\"><img loading=\"lazy\" decoding=\"async\" width=\"697\" height=\"590\" src=\"https:\/\/christusnews.de\/site\/wp-content\/uploads\/Bild-25.05.23-um-09.07-1.jpg\" alt=\"\" class=\"wp-image-24159\" srcset=\"https:\/\/christusnews.de\/site\/wp-content\/uploads\/Bild-25.05.23-um-09.07-1.jpg 697w, https:\/\/christusnews.de\/site\/wp-content\/uploads\/Bild-25.05.23-um-09.07-1-300x254.jpg 300w\" sizes=\"auto, (max-width: 697px) 100vw, 697px\" \/><\/a><\/figure>\n","protected":false},"excerpt":{"rendered":"<p>In der Rheinstrasse wird am Samstag, 27. Mai ein gro\u00dfes Strassenfest rund um den alten Rathausplatz gefeiert. Auch auf dem Kirchengel\u00e4nde ist zwischen 11 &#8211; 17 Uhr Zeit und Raum f\u00fcr Begegnung und Zusammensein. Das Strassenfest wird dann rund um den Rathausplatz noch bis 23 Uhr gefeiert. Wir freuen uns auf ein anregendes Begegnungsfest.<\/p>\n","protected":false},"author":4,"featured_media":24158,"comment_status":"closed","ping_status":"open","sticky":false,"template":"","format":"standard","meta":{"footnotes":""},"categories":[1],"tags":[],"class_list":["post-24157","post","type-post","status-publish","format-standard","has-post-thumbnail","hentry","category-gemeinde"],"_links":{"self":[{"href":"https:\/\/christusnews.de\/site\/wp-json\/wp\/v2\/posts\/24157","targetHints":{"allow":["GET"]}}],"collection":[{"href":"https:\/\/christusnews.de\/site\/wp-json\/wp\/v2\/posts"}],"about":[{"href":"https:\/\/christusnews.de\/site\/wp-json\/wp\/v2\/types\/post"}],"author":[{"embeddable":true,"href":"https:\/\/christusnews.de\/site\/wp-json\/wp\/v2\/users\/4"}],"replies":[{"embeddable":true,"href":"https:\/\/christusnews.de\/site\/wp-json\/wp\/v2\/comments?post=24157"}],"version-history":[{"count":1,"href":"https:\/\/christusnews.de\/site\/wp-json\/wp\/v2\/posts\/24157\/revisions"}],"predecessor-version":[{"id":24160,"href":"https:\/\/christusnews.de\/site\/wp-json\/wp\/v2\/posts\/24157\/revisions\/24160"}],"wp:featuredmedia":[{"embeddable":true,"href":"https:\/\/christusnews.de\/site\/wp-json\/wp\/v2\/media\/24158"}],"wp:attachment":[{"href":"https:\/\/christusnews.de\/site\/wp-json\/wp\/v2\/media?parent=24157"}],"wp:term":[{"taxonomy":"category","embeddable":true,"href":"https:\/\/christusnews.de\/site\/wp-json\/wp\/v2\/categories?post=24157"},{"taxonomy":"post_tag","embeddable":true,"href":"https:\/\/christusnews.de\/site\/wp-json\/wp\/v2\/tags?post=24157"}],"curies":[{"name":"wp","href":"https:\/\/api.w.org\/{rel}","templated":true}]}}