{"id":24180,"date":"2023-05-25T09:14:00","date_gmt":"2023-05-25T07:14:00","guid":{"rendered":"https:\/\/christusnews.de\/site\/diakonie-kita-gipfel-in-langfristiges-dialog-format-umwandeln\/"},"modified":"2023-05-26T11:19:07","modified_gmt":"2023-05-26T09:19:07","slug":"diakonie-kita-gipfel-in-langfristiges-dialog-format-umwandeln","status":"publish","type":"post","link":"https:\/\/christusnews.de\/site\/diakonie-kita-gipfel-in-langfristiges-dialog-format-umwandeln\/","title":{"rendered":"Diakonie: Kita-Gipfel in langfristiges Dialog-Format umwandeln"},"content":{"rendered":"<p class=\"MsoPlainText\">Hannover (epd). Die Diakonie in Niedersachsen regt an, den vom Kultusministerium am Donnerstag veranstalteten Gipfel zur Situation in Kindertagesst\u00e4tten in ein langfristiges Format zu \u00fcberf\u00fchren. \u00abDer Kita-Gipfel darf kein einmaliges Event bleiben\u00bb, sagte Diakonie-Vorstandssprecher Hans-Joachim Lenke in Hannover. \u00abEs muss Orte der Begegnung, des fachlichen Austausches und der gemeinsamen Arbeit an den Zukunftsthemen geben, an denen verschiedene Akteurinnen und Akteure mit ihrer Expertise an L\u00f6sungen arbeiten k\u00f6nnen.\u00bb<\/p>\n<p class=\"MsoPlainText\">&nbsp;<\/p>\n<p class=\"MsoPlainText\">Dass der Fokus derzeit auf Fachkr\u00e4ftegewinnung und -bindung liege, sei aus seiner Sicht richtig, erg\u00e4nzte Lenke. \u00abDass die Ministerin auch die inhaltliche und qualitative Weiterentwicklung nicht aus dem Blick verlieren will, begr\u00fc\u00dfe ich sehr.\u00bb Klar sei aber auch, es werde nicht die perfekte L\u00f6sung geben. \u00abMaximalforderungen werden nicht weiterhelfen. Wir m\u00fcssen verantwortlich abw\u00e4gen, welche Kompromisse wir eingehen k\u00f6nnen, damit wir schrittweise zu einer Verbesserung der Situation kommen.\u00bb<\/p>\n<p class=\"MsoPlainText\">&nbsp;<\/p>\n<p class=\"MsoPlainText\">Ihm sei es besonders wichtig, \u00abdass es Leitplanken geben wird, in denen sich die Kitas bewegen k\u00f6nnen, ohne jedes Mal selbst entscheiden zu m\u00fcssen, wie sie mit der Situation umgehen sollen\u00bb, betonte Lenke. Das Kita-System sei ein komplexes System, an dem Stellen wie Land, Kommune und Tr\u00e4ger beteiligt seien. \u00abWir alle m\u00fcssen die Zusammenarbeit verbessern. Auch wir als Tr\u00e4ger m\u00fcssen unsere Arbeitgeberqualit\u00e4ten selbstkritisch noch mal unter die Lupe nehmen. Das nehmen wir als Hausaufgabe mit.\u00bb<\/p>\n<p>Kirche-Oldenburg<br \/>\n<a href=\"https:\/\/www.kirche-oldenburg.de\/\/aktuell\/news-niedersachsen\/artikel\/diakonie-kita-gipfel-in-langfristiges-dialog-format-umwandeln\" target=\"_blank\" rel=\"noopener\">Diakonie: Kita-Gipfel in langfristiges Dialog-Format umwandeln<\/a><\/p>\n","protected":false},"excerpt":{"rendered":"<p>Hannover (epd). Die Diakonie in Niedersachsen regt an, den vom Kultusministerium am Donnerstag veranstalteten Gipfel zur Situation in Kindertagesst\u00e4tten in ein langfristiges Format zu \u00fcberf\u00fchren. \u00abDer Kita-Gipfel darf kein einmaliges Event bleiben\u00bb, sagte Diakonie-Vorstandssprecher Hans-Joachim Lenke in Hannover. \u00abEs muss Orte der Begegnung, des fachlichen Austausches und der gemeinsamen Arbeit an den Zukunftsthemen geben, an denen verschiedene Akteurinnen und Akteure mit ihrer Expertise an L\u00f6sungen arbeiten k\u00f6nnen.\u00bb &nbsp; Dass der Fokus derzeit auf Fachkr\u00e4ftegewinnung und -bindung liege, sei aus seiner Sicht richtig, erg\u00e4nzte Lenke. \u00abDass die Ministerin auch die inhaltliche und qualitative Weiterentwicklung nicht aus dem Blick verlieren will, begr\u00fc\u00dfe&#8230;<\/p>\n","protected":false},"author":7,"featured_media":0,"comment_status":"false","ping_status":"open","sticky":false,"template":"","format":"standard","meta":{"footnotes":""},"categories":[43],"tags":[44],"class_list":["post-24180","post","type-post","status-publish","format-standard","hentry","category-kirche-oldenburg","tag-kirche-oldenburg"],"_links":{"self":[{"href":"https:\/\/christusnews.de\/site\/wp-json\/wp\/v2\/posts\/24180","targetHints":{"allow":["GET"]}}],"collection":[{"href":"https:\/\/christusnews.de\/site\/wp-json\/wp\/v2\/posts"}],"about":[{"href":"https:\/\/christusnews.de\/site\/wp-json\/wp\/v2\/types\/post"}],"author":[{"embeddable":true,"href":"https:\/\/christusnews.de\/site\/wp-json\/wp\/v2\/users\/7"}],"replies":[{"embeddable":true,"href":"https:\/\/christusnews.de\/site\/wp-json\/wp\/v2\/comments?post=24180"}],"version-history":[{"count":1,"href":"https:\/\/christusnews.de\/site\/wp-json\/wp\/v2\/posts\/24180\/revisions"}],"predecessor-version":[{"id":24181,"href":"https:\/\/christusnews.de\/site\/wp-json\/wp\/v2\/posts\/24180\/revisions\/24181"}],"wp:attachment":[{"href":"https:\/\/christusnews.de\/site\/wp-json\/wp\/v2\/media?parent=24180"}],"wp:term":[{"taxonomy":"category","embeddable":true,"href":"https:\/\/christusnews.de\/site\/wp-json\/wp\/v2\/categories?post=24180"},{"taxonomy":"post_tag","embeddable":true,"href":"https:\/\/christusnews.de\/site\/wp-json\/wp\/v2\/tags?post=24180"}],"curies":[{"name":"wp","href":"https:\/\/api.w.org\/{rel}","templated":true}]}}