{"id":24192,"date":"2023-05-26T19:17:13","date_gmt":"2023-05-26T17:17:13","guid":{"rendered":"https:\/\/christusnews.de\/site\/synode-beschliesst-weitreichende-aenderungen\/"},"modified":"2023-05-26T23:17:50","modified_gmt":"2023-05-26T21:17:50","slug":"synode-beschliesst-weitreichende-aenderungen","status":"publish","type":"post","link":"https:\/\/christusnews.de\/site\/synode-beschliesst-weitreichende-aenderungen\/","title":{"rendered":"Synode beschlie\u00dft weitreichende \u00c4nderungen"},"content":{"rendered":"<p>Die Synodalen der Ev.-Luth Kirche in Oldenburg haben auf der 7. Tagung der 49. Synode in Rastede laut Bischof Thomas Adomeit weitreichende und signifikante \u00c4nderungen beschlossen, f\u00fcr die er der Synode ausdr\u00fccklich danke. So hat die Synode am Donnerstag, 25. Mai, intensiv \u00fcber theologische und kirchenrechtliche Fragen zur Bildung von Interprofessionellen Teams diskutiert und grunds\u00e4tzlich den Weg freigemacht, dass auch nicht Ordinierte taufen und das Abendmahl austeilen d\u00fcrfen. Er habe sich auch \u00fcber die intensive Diskussion gefreut, so Adomeit, die \u201emit gro\u00dfem Interesse, gro\u00dfer W\u00fcrde und mit gro\u00dfer Kenntnis\u201c gef\u00fchrt worden sei. Dabei sei es nicht um ein \u201eRichtig oder Falsch\u201c gegangen, sondern darum, dass es \u201egeordnet\u201c geschieht. \u201eDass wir das fr\u00f6hlich und hoffnungsvoll diskutieren konnten, macht mich zuversichtlich, dass wir als oldenburgische Kirche vertrauensvoll in die Zukunft gehen k\u00f6nnen.\u201c<\/p>\n<p>Jetzt m\u00fcsse dieser Beschluss noch in das \u201eKirchengesetz zur Erprobung und Entwicklung Interprofessioneller Teams in der Ev.-Luth. Kirche in Oldenburg\u201c eingearbeitet und in synodalen Aussch\u00fcssen beraten werden, k\u00fcndigte Synodenpr\u00e4sidentin Sabine Bl\u00fctchen an. Ebenso m\u00fcsse die Pfarrervertretung an dem Beratungsprozess beteiligt werden. Sie gehe davon aus, dass das Gesetz im November beraten werden k\u00f6nne und der Erprobungszeitraum dann sechs Jahre umfasse, so Bl\u00fctchen.<\/p>\n<p>Im Rahmen der \u201eInterprofessionellen Teams\u201c k\u00f6nnen nicht besetzte Pfarrstellen auch mit Diakoninnen und Diakonen, Kirchenmusikerinnen und Kirchenmusikern oder auch Menschen aus anderen Berufen besetzt und in einer Kirchengemeinde t\u00e4tig werden. Das Gesetz werde dann regeln, unter welchen Voraussetzungen die Berufung zur Sakramentsverwaltung dann erfolgen k\u00f6nne, so Bischof Adomeit. Die Entscheidung im Einzelfall liege bei den jeweiligen Gemeindekirchenr\u00e4ten vor Ort.<\/p>\n<p><strong>1,5 Mio. Euro f\u00fcr Umsetzung von Klimaschutz-Ma\u00dfnahmen&nbsp;<\/strong><br \/>\nWeiterhin haben die Synodalen beschlossen, 1,5 Mio. Euro aus dem Sonderverm\u00f6gen des Besch\u00e4ftigungsfonds der oldenburgischen Kirche f\u00fcr die Umsetzungen von Klimaschutz-Ma\u00dfnahmen in den Kirchengemeinden und kirchlichen Einrichtungen bereitzustellen. Es sollen damit klimaschutztechnische Sanierungen mittels Zusch\u00fcssen und zinsloser Darlehn gef\u00f6rdert werden.<\/p>\n<p><strong>Bericht aus der Steuerungsgruppe Klimaschutz<\/strong><br \/>\nDerzeit werde eine Kostenanalyse f\u00fcr die energetische Sanierung in der Pilot-Gemeinde Hude durchgef\u00fchrt, so der Synodale Klaus Flaake in seinem Bericht aus der Steuerungsgruppe Klimaschutz. Die daraus resultierenden Erkenntnisse w\u00fcrden als Grundlage f\u00fcr die Hochrechnungen f\u00fcr die Gemeinden der oldenburgischen Kirche verwendet. Im Herbst soll der Synode das Gesetz zum Beschluss vorgelegt werden. Die Steuerungsgruppe habe sich zudem mit m\u00f6glichen L\u00f6sungen f\u00fcr kircheneigene Energieparks (Photovoltaik, Windkraft) besch\u00e4ftigt, so Flaake. Er regte an, sich an Genossenschaften oder Beteiligungen an bestehenden Genossenschaften zu schaffen, um eigene Energieparks zu betreiben. Denkbar seien Photovoltaik- und Windkraftanlagen, die auf kircheneigenem Grund errichtet werden k\u00f6nnten.&nbsp;<\/p>\n<p>Laut Synodenpr\u00e4sidentin Sabine Bl\u00fctchen ist die oldenburgische Kirche auf einem guten Weg. Es gebe auch eine Menge guter Ideen. Jetzt gehe es auch darum, Leitlinien zu entwickeln, welche Immobilien zu erhalten seien. Das w\u00fcrden noch \u201eschwierige Entscheidungen\u201c, wenn es darum gehe, \u201esich von Geb\u00e4uden zu trennen, an denen Erinnerungen h\u00e4ngen\u201c. Deshalb sei es wichtig, den Gemeinden einen Leitfaden an die Hand zu geben, so Bl\u00fctchen.<\/p>\n<p><strong>Kirchengesetz \u00fcber die Bildung der Ev.-luth. Kirchengemeinde Havenkirche<\/strong><br \/>\nBereits am Mittwoch hat die Synode dem Kirchengesetz \u00fcber die Bildung der Ev.-luth. Kirchengemeinde Havenkirche zugestimmt. Das Kirchengesetz sieht vor, dass die Ev.-luth. Kirchengemeinden Heppens, Wilhelmshaven (Christus und Garnisonkirche) und Lutherkirche zu einer Kirchengemeinde zusammengelegt werden. Diese wird den Namen \u201eEv.-luth. Kirchengemeinde Havenkirche\u201c tragen und ist Rechtsnachfolgerin der bisherigen drei eigenst\u00e4ndigen Kirchengemeinden. Am 1. Januar 2024 wird die Havenkirche die drei Gemeinden abl\u00f6sen.<\/p>\n<p><strong>Kirchengesetz \u00fcber die Bildung der Ev.-luth. Kirchengemeinde Ganderkesee und Sch\u00f6nemoor<\/strong><br \/>\nWeiterhin haben die Synodalen am Mittwoch das Kirchengesetz \u00fcber die Bildung der Ev.-luth. Kirchengemeinde Ganderkesee und Sch\u00f6nemoor beschlossen. Das Gesetzt sieht eine Zusammenlegung den Ev.-luth. Kirchengemeinden Ganderkesee und Sch\u00f6nemoor zur \u201eEv.-luth. Kirchengemeinde Ganderkesee und Sch\u00f6nemoor\u201c vor. Sie ist ebenfalls Rechtsnachfolgerin der beiden Kirchengemeinden Ganderkesee und Sch\u00f6nemoor.&nbsp;<\/p>\n<p><strong>Jahresthema 2024: \u201eKlimaschutz und Sch\u00f6pfungsverantwortung\u201c<\/strong><br \/>\nF\u00fcr die Tagung im Mai 2024 beschloss die Synode als Jahresthema \u201eKlimaschutz und Sch\u00f6pfungsverantwortung\u201c.<\/p>\n<p>Anhebung der Genehmigungserfordernisse bei baulichen Ma\u00dfnahmen auf 50.000 Euro&nbsp;<br \/>\nDie Synode stimmte am Mittwoch ebenfalls dem Kirchengesetz zu, dass die Wertgrenze f\u00fcr Genehmigungserfordernisse durch den Oberkirchenrat bei baulichen Ma\u00dfnahmen von 25.000 Euro auf nunmehr 50.000 Euro angehoben wird. Die \u00c4nderung der Kirchenordnung entspricht der Umsetzung eines Synodenbeschlusses.<\/p>\n<p><strong>Jahresthema 2023 \u201eZukunft Kirche \u2013 Mutig. Zuversichtlich. Lebendig.\u201c&nbsp;<\/strong><br \/>\nAm Donnerstagnachmittag besch\u00e4ftigte sich die Synode schwerpunktm\u00e4\u00dfig mit dem Jahresthema 2023 \u201eZukunft Kirche \u2013 Mutig. Zuversichtlich. Lebendig.\u201c Den Impulsvortrag hielt Pfarrer Dr. Steffen Bauer, seit 2013 Leiter der Ehrenamtsakademie der Evangelischen Kirche in Hessen und Nassau mit Sitz in Darmstadt. Angesichts der in den n\u00e4chsten Jahren anstehenden Ver\u00e4nderungen mit Blick auf die weiter zur\u00fcckgehenden Mitgliederzahlen sowie finanziellen und personellen Ressourcen entwickelte Bauer f\u00fcnf Thesen, warum Kirche sich ver\u00e4ndern m\u00fcsse und warum das ganz neue M\u00f6glichkeiten er\u00f6ffne.<\/p>\n<p>Im Anschluss er\u00f6rterten die Synodalen das Thema nach der Workshop-Methode \u201eWorld-Caf\u00e9\u201c in verschiedenen Gespr\u00e4chsgruppen.&nbsp;<\/p>\n<p>F\u00fcr die Weiterarbeit an dem Thema hat Pfarrer Bauer seinen Vortrag in einem Essay f\u00fcr die neue Ausgabe von \u201ehorizont E\u201c aufbereitet. Eine digitale Version des Magazins finden Sie als PDF-Datei unter: <a href=\"https:\/\/www.kirche-oldenburg.de\/aktuell\/horizont-e\">https:\/\/www.kirche-oldenburg.de\/aktuell\/horizont-e<\/a>&nbsp;&nbsp;<\/p>\n<p><strong>Weitere Informationen und Beschl\u00fcsse sowie Fotos zur Synodentagung finden Sie unter: <a href=\"https:\/\/www.kirche-oldenburg.de\/kirche-gemeinden\/synode\/7\/49-synode\">https:\/\/www.kirche-oldenburg.de\/kirche-gemeinden\/synode\/7\/49-synode<\/a>&nbsp;&nbsp;<\/strong><br \/>\n&nbsp;<\/p>\n<p>Kirche-Oldenburg<br \/>\n<a href=\"https:\/\/www.kirche-oldenburg.de\/\/aktuell\/pressemitteilungen\/artikel\/synode-beschliesst-weitreichende-aenderungen\" target=\"_blank\" rel=\"noopener\">Synode beschlie\u00dft weitreichende \u00c4nderungen<\/a><\/p>\n","protected":false},"excerpt":{"rendered":"<p>Die Synodalen der Ev.-Luth Kirche in Oldenburg haben auf der 7. Tagung der 49. Synode in Rastede laut Bischof Thomas Adomeit weitreichende und signifikante \u00c4nderungen beschlossen, f\u00fcr die er der Synode ausdr\u00fccklich danke. So hat die Synode am Donnerstag, 25. Mai, intensiv \u00fcber theologische und kirchenrechtliche Fragen zur Bildung von Interprofessionellen Teams diskutiert und grunds\u00e4tzlich den Weg freigemacht, dass auch nicht Ordinierte taufen und das Abendmahl austeilen d\u00fcrfen. Er habe sich auch \u00fcber die intensive Diskussion gefreut, so Adomeit, die \u201emit gro\u00dfem Interesse, gro\u00dfer W\u00fcrde und mit gro\u00dfer Kenntnis\u201c gef\u00fchrt worden sei. Dabei sei es nicht um ein \u201eRichtig oder&#8230;<\/p>\n","protected":false},"author":7,"featured_media":0,"comment_status":"false","ping_status":"open","sticky":false,"template":"","format":"standard","meta":{"footnotes":""},"categories":[43],"tags":[44],"class_list":["post-24192","post","type-post","status-publish","format-standard","hentry","category-kirche-oldenburg","tag-kirche-oldenburg"],"_links":{"self":[{"href":"https:\/\/christusnews.de\/site\/wp-json\/wp\/v2\/posts\/24192","targetHints":{"allow":["GET"]}}],"collection":[{"href":"https:\/\/christusnews.de\/site\/wp-json\/wp\/v2\/posts"}],"about":[{"href":"https:\/\/christusnews.de\/site\/wp-json\/wp\/v2\/types\/post"}],"author":[{"embeddable":true,"href":"https:\/\/christusnews.de\/site\/wp-json\/wp\/v2\/users\/7"}],"replies":[{"embeddable":true,"href":"https:\/\/christusnews.de\/site\/wp-json\/wp\/v2\/comments?post=24192"}],"version-history":[{"count":1,"href":"https:\/\/christusnews.de\/site\/wp-json\/wp\/v2\/posts\/24192\/revisions"}],"predecessor-version":[{"id":24193,"href":"https:\/\/christusnews.de\/site\/wp-json\/wp\/v2\/posts\/24192\/revisions\/24193"}],"wp:attachment":[{"href":"https:\/\/christusnews.de\/site\/wp-json\/wp\/v2\/media?parent=24192"}],"wp:term":[{"taxonomy":"category","embeddable":true,"href":"https:\/\/christusnews.de\/site\/wp-json\/wp\/v2\/categories?post=24192"},{"taxonomy":"post_tag","embeddable":true,"href":"https:\/\/christusnews.de\/site\/wp-json\/wp\/v2\/tags?post=24192"}],"curies":[{"name":"wp","href":"https:\/\/api.w.org\/{rel}","templated":true}]}}