{"id":24194,"date":"2023-05-26T13:34:20","date_gmt":"2023-05-26T11:34:20","guid":{"rendered":"https:\/\/christusnews.de\/site\/pfingsten-im-garten-wir-feiern-ein-fest-ein-gottesdienst-am-feuerkorb-der-gross-und-klein-verbindet-mit-bewegenden-liedern-aktionen-zum-mitmachen-und-einem-abendmahl-im-grossen-kreis-unter-dem-w\/"},"modified":"2023-05-26T23:17:52","modified_gmt":"2023-05-26T21:17:52","slug":"pfingsten-im-garten-wir-feiern-ein-fest-ein-gottesdienst-am-feuerkorb-der-gross-und-klein-verbindet-mit-bewegenden-liedern-aktionen-zum-mitmachen-und-einem-abendmahl-im-grossen-kreis-unter-dem-w","status":"publish","type":"post","link":"https:\/\/christusnews.de\/site\/pfingsten-im-garten-wir-feiern-ein-fest-ein-gottesdienst-am-feuerkorb-der-gross-und-klein-verbindet-mit-bewegenden-liedern-aktionen-zum-mitmachen-und-einem-abendmahl-im-grossen-kreis-unter-dem-w\/","title":{"rendered":"Pfingsten im Garten: Wir feiern ein Fest.\n\nEin Gottesdienst am Feuerkorb, der Gro\u00df und Klein verbindet. Mit bewegenden Liedern, Aktionen zum Mitmachen und einem Abendmahl im gro\u00dfen Kreis unter dem weiten Pfingsthimmel.\n\nAnschlie\u00dfend sind alle zu einem gemeinsamen Pfingstpicknick eingeladen. Beitr\u00e4ge zum B\u00fcffet sind sehr willkommen. F\u00fcr Getr\u00e4nke, Geschirr und Besteck sorgt die Kirchengemeinde. Eine Anmeldung ist nicht n\u00f6tig. \n\nKomm, heilge Geistkraft, erf\u00fclle uns. Und das Fest beginnt &#8230;"},"content":{"rendered":"<p>Pfingsten im Garten: Wir feiern ein Fest.<\/p>\n<p>Ein Gottesdienst am Feuerkorb, der Gro\u00df und Klein verbindet. Mit bewegenden Liedern, Aktionen zum Mitmachen und einem Abendmahl im gro\u00dfen Kreis unter dem weiten Pfingsthimmel.<\/p>\n<p>Anschlie\u00dfend sind alle zu einem gemeinsamen Pfingstpicknick eingeladen. Beitr\u00e4ge zum B\u00fcffet sind sehr willkommen. F\u00fcr Getr\u00e4nke, Geschirr und Besteck sorgt die Kirchengemeinde. Eine Anmeldung ist nicht n\u00f6tig. <\/p>\n<p>Komm, heilge Geistkraft, erf\u00fclle uns. Und das Fest beginnt &#8230;<br \/>\nHAVENKIRCHE@FB<br \/>\n<a href=\"https:\/\/www.facebook.com\/396185572708352\/posts\/556855189974722\" target=\"_blank\" rel=\"noopener\">Pfingsten im Garten: Wir feiern ein Fest.<\/p>\n<p>Ein Gottesdienst am Feuerkorb, der Gro\u00df und Klein verbindet. Mit bewegenden Liedern, Aktionen zum Mitmachen und einem Abendmahl im gro\u00dfen Kreis unter dem weiten Pfingsthimmel.<\/p>\n<p>Anschlie\u00dfend sind alle zu einem gemeinsamen Pfingstpicknick eingeladen. Beitr\u00e4ge zum B\u00fcffet sind sehr willkommen. F\u00fcr Getr\u00e4nke, Geschirr und Besteck sorgt die Kirchengemeinde. Eine Anmeldung ist nicht n\u00f6tig. <\/p>\n<p>Komm, heilge Geistkraft, erf\u00fclle uns. Und das Fest beginnt &#8230;<\/a><\/p>\n","protected":false},"excerpt":{"rendered":"<p>Pfingsten im Garten: Wir feiern ein Fest. Ein Gottesdienst am Feuerkorb, der Gro\u00df und Klein verbindet. Mit bewegenden Liedern, Aktionen zum Mitmachen und einem Abendmahl im gro\u00dfen Kreis unter dem weiten Pfingsthimmel. Anschlie\u00dfend sind alle zu einem gemeinsamen Pfingstpicknick eingeladen. Beitr\u00e4ge zum B\u00fcffet sind sehr willkommen. F\u00fcr Getr\u00e4nke, Geschirr und Besteck sorgt die Kirchengemeinde. Eine Anmeldung ist nicht n\u00f6tig. Komm, heilge Geistkraft, erf\u00fclle uns. Und das Fest beginnt &#8230; HAVENKIRCHE@FB Pfingsten im Garten: Wir feiern ein Fest. Ein Gottesdienst am Feuerkorb, der Gro\u00df und Klein verbindet. Mit bewegenden Liedern, Aktionen zum Mitmachen und einem Abendmahl im gro\u00dfen Kreis unter dem&#8230;<\/p>\n","protected":false},"author":6,"featured_media":0,"comment_status":"false","ping_status":"open","sticky":false,"template":"","format":"standard","meta":{"footnotes":""},"categories":[75],"tags":[76],"class_list":["post-24194","post","type-post","status-publish","format-standard","hentry","category-havenkirche","tag-havenkirche"],"_links":{"self":[{"href":"https:\/\/christusnews.de\/site\/wp-json\/wp\/v2\/posts\/24194","targetHints":{"allow":["GET"]}}],"collection":[{"href":"https:\/\/christusnews.de\/site\/wp-json\/wp\/v2\/posts"}],"about":[{"href":"https:\/\/christusnews.de\/site\/wp-json\/wp\/v2\/types\/post"}],"author":[{"embeddable":true,"href":"https:\/\/christusnews.de\/site\/wp-json\/wp\/v2\/users\/6"}],"replies":[{"embeddable":true,"href":"https:\/\/christusnews.de\/site\/wp-json\/wp\/v2\/comments?post=24194"}],"version-history":[{"count":1,"href":"https:\/\/christusnews.de\/site\/wp-json\/wp\/v2\/posts\/24194\/revisions"}],"predecessor-version":[{"id":24195,"href":"https:\/\/christusnews.de\/site\/wp-json\/wp\/v2\/posts\/24194\/revisions\/24195"}],"wp:attachment":[{"href":"https:\/\/christusnews.de\/site\/wp-json\/wp\/v2\/media?parent=24194"}],"wp:term":[{"taxonomy":"category","embeddable":true,"href":"https:\/\/christusnews.de\/site\/wp-json\/wp\/v2\/categories?post=24194"},{"taxonomy":"post_tag","embeddable":true,"href":"https:\/\/christusnews.de\/site\/wp-json\/wp\/v2\/tags?post=24194"}],"curies":[{"name":"wp","href":"https:\/\/api.w.org\/{rel}","templated":true}]}}