{"id":24198,"date":"2023-05-29T12:03:00","date_gmt":"2023-05-29T10:03:00","guid":{"rendered":"https:\/\/christusnews.de\/site\/pfingsten-ist-das-grosse-hoffnungsfest\/"},"modified":"2023-05-29T23:17:42","modified_gmt":"2023-05-29T21:17:42","slug":"pfingsten-ist-das-grosse-hoffnungsfest","status":"publish","type":"post","link":"https:\/\/christusnews.de\/site\/pfingsten-ist-das-grosse-hoffnungsfest\/","title":{"rendered":"Pfingsten ist das gro\u00dfe Hoffnungsfest"},"content":{"rendered":"<p>Pfingsten sei das gro\u00dfe Hoffnungsfest, so der Oldenburger Bischof Thomas Adomeit in seiner Predigt am Pfingstmontag, 29. Mai, in der Oldenburger St.-Lamberti-Kirche. \u201eGottes Geist verbindet. Er kann alle Gr\u00e4ben \u00fcberbr\u00fccken, die in Sprache und Kultur begr\u00fcndet sind, aber auch durch Egoismus und Gewaltphantasien das Leben zerst\u00f6ren wollen\u201c, betonte der Bischof der Ev.-Luth. Kirche in Oldenburg.<br \/>\n&nbsp; &nbsp;<br \/>\nDer Heilige Geist wolle \u201eunsere Glut des Glaubens\u201c zu einem Feuer anfachen, das ausstrahle, und das von der Gnade und von Hoffnung zeuge, so Adomeit weiter. Das k\u00f6nne bedeuten \u201eHoffnung zu sehen und zu s\u00e4en, auch wenn kein Frieden auf der Welt m\u00f6glich scheint. Erste und weitere Schritte zu gehen, auch wenn die drohende Klimakatastrophe damit eigentlich nicht zu verhindern zu sein k\u00f6nnte. Mit Menschen immer wieder ins Gespr\u00e4ch zu gehen, auch wenn es sich aussichtslos anf\u00fchlt. Vom Glauben zu erz\u00e4hlen, auch wenn es nicht en vogue ist oder einen Apfelbaum zu pflanzen, selbst wenn m\u00f6glicherweise morgen die Welt untergeht.\u201c<br \/>\n&nbsp; &nbsp;<br \/>\nVom Heiligen Geist werden oftmals nur in Bilder gesprochen, da die Frage, was oder wie der Heilige Geist ist, nicht beantwortet werden k\u00f6nne. Mal werde er mit dem Bild einer Taube dargestellt oder wie ein Feuer. Mal werde er wie Wasser ausgegossen, ein anderes Mal werde er als Wind beschrieben, \u201eder zwar unsichtbar, aber doch h\u00f6rbar und sp\u00fcrbar weht \u2013 wo er denn will.\u201c Unabh\u00e4ngig von der Bildsprache sei es wichtig, \u201edass und wie dieser Geist wirkt, was eben mit den Menschen geschieht, auf die Gott seinen Geist legt. Und das ist eine ganze Menge.\u201c Der Geist von Pfingsten begr\u00fcnde das Fest, \u201edas uns als Gemeinde Jesu Christi in die Nachfolge ruft, weil die Gl\u00e4ubigen versammelt und dann in alle Welt ausgesendet wurden: Es ist das Fest, das Menschen aller Sprachen und Kulturen im Glauben miteinander verbindet.\u201c Es sei das Fest, \u201edas uns als Christin und Christ ganz nahekommt, geht es doch hier nicht um das Kind in der Krippe oder den Gekreuzigten und Auferstandenen, sondern direkt um uns in der einen Kirche Jesu Christi.\u201c&nbsp;<\/p>\n<p>Kirche-Oldenburg<br \/>\n<a href=\"https:\/\/www.kirche-oldenburg.de\/\/aktuell\/pressemitteilungen\/artikel\/pfingsten-ist-das-grosse-hoffnungsfest\" target=\"_blank\" rel=\"noopener\">Pfingsten ist das gro\u00dfe Hoffnungsfest<\/a><\/p>\n","protected":false},"excerpt":{"rendered":"<p>Pfingsten sei das gro\u00dfe Hoffnungsfest, so der Oldenburger Bischof Thomas Adomeit in seiner Predigt am Pfingstmontag, 29. Mai, in der Oldenburger St.-Lamberti-Kirche. \u201eGottes Geist verbindet. Er kann alle Gr\u00e4ben \u00fcberbr\u00fccken, die in Sprache und Kultur begr\u00fcndet sind, aber auch durch Egoismus und Gewaltphantasien das Leben zerst\u00f6ren wollen\u201c, betonte der Bischof der Ev.-Luth. Kirche in Oldenburg. &nbsp; &nbsp; Der Heilige Geist wolle \u201eunsere Glut des Glaubens\u201c zu einem Feuer anfachen, das ausstrahle, und das von der Gnade und von Hoffnung zeuge, so Adomeit weiter. Das k\u00f6nne bedeuten \u201eHoffnung zu sehen und zu s\u00e4en, auch wenn kein Frieden auf der Welt m\u00f6glich&#8230;<\/p>\n","protected":false},"author":7,"featured_media":0,"comment_status":"false","ping_status":"open","sticky":false,"template":"","format":"standard","meta":{"footnotes":""},"categories":[43],"tags":[44],"class_list":["post-24198","post","type-post","status-publish","format-standard","hentry","category-kirche-oldenburg","tag-kirche-oldenburg"],"_links":{"self":[{"href":"https:\/\/christusnews.de\/site\/wp-json\/wp\/v2\/posts\/24198","targetHints":{"allow":["GET"]}}],"collection":[{"href":"https:\/\/christusnews.de\/site\/wp-json\/wp\/v2\/posts"}],"about":[{"href":"https:\/\/christusnews.de\/site\/wp-json\/wp\/v2\/types\/post"}],"author":[{"embeddable":true,"href":"https:\/\/christusnews.de\/site\/wp-json\/wp\/v2\/users\/7"}],"replies":[{"embeddable":true,"href":"https:\/\/christusnews.de\/site\/wp-json\/wp\/v2\/comments?post=24198"}],"version-history":[{"count":1,"href":"https:\/\/christusnews.de\/site\/wp-json\/wp\/v2\/posts\/24198\/revisions"}],"predecessor-version":[{"id":24199,"href":"https:\/\/christusnews.de\/site\/wp-json\/wp\/v2\/posts\/24198\/revisions\/24199"}],"wp:attachment":[{"href":"https:\/\/christusnews.de\/site\/wp-json\/wp\/v2\/media?parent=24198"}],"wp:term":[{"taxonomy":"category","embeddable":true,"href":"https:\/\/christusnews.de\/site\/wp-json\/wp\/v2\/categories?post=24198"},{"taxonomy":"post_tag","embeddable":true,"href":"https:\/\/christusnews.de\/site\/wp-json\/wp\/v2\/tags?post=24198"}],"curies":[{"name":"wp","href":"https:\/\/api.w.org\/{rel}","templated":true}]}}