{"id":24213,"date":"2023-05-29T11:58:00","date_gmt":"2023-05-29T09:58:00","guid":{"rendered":"https:\/\/christusnews.de\/site\/meister-und-wuebbe-feiern-oekumenischen-fernsehgottesdienst\/"},"modified":"2023-05-30T23:17:39","modified_gmt":"2023-05-30T21:17:39","slug":"meister-und-wuebbe-feiern-oekumenischen-fernsehgottesdienst","status":"publish","type":"post","link":"https:\/\/christusnews.de\/site\/meister-und-wuebbe-feiern-oekumenischen-fernsehgottesdienst\/","title":{"rendered":"Meister und W\u00fcbbe feiern \u00f6kumenischen Fernsehgottesdienst"},"content":{"rendered":"<p class=\"MsoPlainText\">Osnabr\u00fcck (epd). Unter dem Leitwort \u00abGib mir einen neuen Geist\u00bb haben am Pfingstmontag der Osnabr\u00fccker Di\u00f6zesanadministrator Weihbischof Johannes W\u00fcbbe und der evangelische Landesbischof Ralf Meister einen \u00f6kumenischen Gottesdienst im Osnabr\u00fccker Dom gefeiert. Die Feier wurde in der ARD live \u00fcbertragen. W\u00e4hrend des Gottesdienstes wurde das Lied \u00abDa pacem, Domine &#8211; Gib Frieden, Herr\u00bb des Osnabr\u00fccker Komponisten Peter Witte uraufgef\u00fchrt.<\/p>\n<p class=\"MsoPlainText\">&nbsp;<\/p>\n<p class=\"MsoPlainText\">Im Mittelpunkt stand die Frage, wie eine innere Erneuerung gelingen k\u00f6nne, die nach au\u00dfen wirke. Sie k\u00f6nne Wege des Friedens in unfriedlichen Zeiten er\u00f6ffnen, hie\u00df es. \u00abHeute ist das Vertrauen in die Zukunft br\u00fcchig geworden. Niemals war es so schwer, sich eine gute Zukunft vorzustellen\u00bb, betonte Bischof Meister in seiner Predigt. Das ganze Leben sei ein Leben im Vertrauen darauf, dass etwas Gutes geschehe. \u00abDu musst mit allem rechnen, auch mit dem Sch\u00f6nsten. Wer vertraut, glaubt an eine Welt, die es noch nicht gibt.\u00bb<\/p>\n<p class=\"MsoPlainText\">&nbsp;<\/p>\n<p class=\"MsoPlainText\">Das Leid bestimme das Leben vieler heute, sagte Weihbischof W\u00fcbbe.&nbsp;\u00abUnd es tr\u00e4gt konkrete Namen: Krankheit, Krieg, Vertreibung, Diskriminierung, keine Wohnung, kein Geld zum Leben.\u00bb In all diese Situationen wolle der auferstandene Jesus seine Kirchen schicken. \u00abIn unserer Gesellschaft k\u00f6nnen wir f\u00fcr eine Kultur des Zusammenlebens einstehen, in der auch Schw\u00e4che und Versagen, Leid und Verwundungen ihren Platz haben, wo diese aus- und angesprochen werden k\u00f6nnen. Und in der es einen tr\u00f6stlichen und heilsamen Umgang damit gibt.\u00bb<\/p>\n<p>Kirche-Oldenburg<br \/>\n<a href=\"https:\/\/www.kirche-oldenburg.de\/\/aktuell\/news-niedersachsen\/artikel\/meister-und-wuebbe-feiern-oekumenischen-fernsehgottesdienst\" target=\"_blank\" rel=\"noopener\">Meister und W\u00fcbbe feiern \u00f6kumenischen Fernsehgottesdienst<\/a><\/p>\n","protected":false},"excerpt":{"rendered":"<p>Osnabr\u00fcck (epd). Unter dem Leitwort \u00abGib mir einen neuen Geist\u00bb haben am Pfingstmontag der Osnabr\u00fccker Di\u00f6zesanadministrator Weihbischof Johannes W\u00fcbbe und der evangelische Landesbischof Ralf Meister einen \u00f6kumenischen Gottesdienst im Osnabr\u00fccker Dom gefeiert. Die Feier wurde in der ARD live \u00fcbertragen. W\u00e4hrend des Gottesdienstes wurde das Lied \u00abDa pacem, Domine &#8211; Gib Frieden, Herr\u00bb des Osnabr\u00fccker Komponisten Peter Witte uraufgef\u00fchrt. &nbsp; Im Mittelpunkt stand die Frage, wie eine innere Erneuerung gelingen k\u00f6nne, die nach au\u00dfen wirke. Sie k\u00f6nne Wege des Friedens in unfriedlichen Zeiten er\u00f6ffnen, hie\u00df es. \u00abHeute ist das Vertrauen in die Zukunft br\u00fcchig geworden. Niemals war es so schwer,&#8230;<\/p>\n","protected":false},"author":7,"featured_media":0,"comment_status":"false","ping_status":"open","sticky":false,"template":"","format":"standard","meta":{"footnotes":""},"categories":[43],"tags":[44],"class_list":["post-24213","post","type-post","status-publish","format-standard","hentry","category-kirche-oldenburg","tag-kirche-oldenburg"],"_links":{"self":[{"href":"https:\/\/christusnews.de\/site\/wp-json\/wp\/v2\/posts\/24213","targetHints":{"allow":["GET"]}}],"collection":[{"href":"https:\/\/christusnews.de\/site\/wp-json\/wp\/v2\/posts"}],"about":[{"href":"https:\/\/christusnews.de\/site\/wp-json\/wp\/v2\/types\/post"}],"author":[{"embeddable":true,"href":"https:\/\/christusnews.de\/site\/wp-json\/wp\/v2\/users\/7"}],"replies":[{"embeddable":true,"href":"https:\/\/christusnews.de\/site\/wp-json\/wp\/v2\/comments?post=24213"}],"version-history":[{"count":1,"href":"https:\/\/christusnews.de\/site\/wp-json\/wp\/v2\/posts\/24213\/revisions"}],"predecessor-version":[{"id":24214,"href":"https:\/\/christusnews.de\/site\/wp-json\/wp\/v2\/posts\/24213\/revisions\/24214"}],"wp:attachment":[{"href":"https:\/\/christusnews.de\/site\/wp-json\/wp\/v2\/media?parent=24213"}],"wp:term":[{"taxonomy":"category","embeddable":true,"href":"https:\/\/christusnews.de\/site\/wp-json\/wp\/v2\/categories?post=24213"},{"taxonomy":"post_tag","embeddable":true,"href":"https:\/\/christusnews.de\/site\/wp-json\/wp\/v2\/tags?post=24213"}],"curies":[{"name":"wp","href":"https:\/\/api.w.org\/{rel}","templated":true}]}}