{"id":24215,"date":"2023-05-29T11:57:00","date_gmt":"2023-05-29T09:57:00","guid":{"rendered":"https:\/\/christusnews.de\/site\/pflegeverband-warnt-wegen-fachkraeftemangels-vor-massiver-pleitewelle\/"},"modified":"2023-05-30T23:17:40","modified_gmt":"2023-05-30T21:17:40","slug":"pflegeverband-warnt-wegen-fachkraeftemangels-vor-massiver-pleitewelle","status":"publish","type":"post","link":"https:\/\/christusnews.de\/site\/pflegeverband-warnt-wegen-fachkraeftemangels-vor-massiver-pleitewelle\/","title":{"rendered":"Pflegeverband warnt wegen Fachkr\u00e4ftemangels vor massiver Pleitewelle"},"content":{"rendered":"<p class=\"MsoPlainText\">Hannover\/Berlin (epd). Der Verband der privat betriebenen Pflegeeinrichtungen hat angesichts des akuten Fachkr\u00e4ftemangels vor einer massiven Pleitewelle in der Pflegebranche gewarnt. \u00abEs besteht die gro\u00dfe Gefahr eines Fl\u00e4chenbrandes\u00bb, sagte der Pr\u00e4sident des Bundesverbandes privater Anbieter sozialer Dienste (BPA), Bernd Meurer, dem \u00abRedaktionsNetzwerk Deutschland\u00bb (online \/ Print Dienstag). Es mehrten sich die Berichte \u00fcber Insolvenzen oder Betriebsschlie\u00dfungen.<\/p>\n<p class=\"MsoPlainText\">&nbsp;<\/p>\n<p class=\"MsoPlainText\">Betroffen seien alle Tr\u00e4ger, also nicht nur Familienunternehmen, sondern auch gr\u00f6\u00dfere Betreiber und Einrichtungen der freien Wohlfahrtspflege. Die Lage sei be\u00e4ngstigend. \u00abWir m\u00fcssen davon ausgehen, dass das keine Einzelf\u00e4lle mehr sind\u00bb, betonte Meurer. \u00abDann bleiben die Pflegebed\u00fcrftigen und ihre Familien in gro\u00dfer Zahl auf der Strecke\u00bb, warnte der Verbandschef.<\/p>\n<p class=\"MsoPlainText\">&nbsp;<\/p>\n<p class=\"MsoPlainText\">Meurer sagte, fast 70 Prozent der Mitgliedsunternehmen h\u00e4tten in einer aktuellen Befragung angegeben, dass sie Sorgen \u00fcber ihre wirtschaftliche Existenz in naher Zukunft h\u00e4tten. Andere Studien k\u00e4men zu \u00e4hnlichen Ergebnissen. Als wesentlichen Grund f\u00fcr die angespannte Lage nannte Meurer den Fachkr\u00e4ftemangel. Dadurch k\u00f6nnten Heimpl\u00e4tze nicht belegt werden. Wenn die Belegung auf 80 Prozent abrutsche, sei ein Heim \u00abkaum noch wirtschaftlich betreibbar\u00bb, erl\u00e4uterte der Chef des Verbandes, der mehr als 13.000 ambulante und station\u00e4re Pflegeeinrichtungen repr\u00e4sentiert.<\/p>\n<p class=\"MsoPlainText\">&nbsp;<\/p>\n<p class=\"MsoPlainText\">Meurer sprach von einem v\u00f6llig leergefegten Arbeitsmarkt. \u00abDie Pflegeeinrichtungen jagen sich nur noch gegenseitig das Personal ab\u00bb, sagte er. Er beklagte weiterhin bestehende hohe b\u00fcrokratische H\u00fcrden bei der Gewinnung von ausl\u00e4ndischen Fachkr\u00e4ften. \u00abJe nach Bundesland dauert es weit mehr als ein Jahr, bis eine Fachkraft letztlich anerkannt ist. Und das in einem Mangelberuf\u00bb, kritisierte er.<\/p>\n<p>Kirche-Oldenburg<br \/>\n<a href=\"https:\/\/www.kirche-oldenburg.de\/\/aktuell\/news-niedersachsen\/artikel\/pflegeverband-warnt-wegen-fachkraeftemangels-vor-massiver-pleitewelle\" target=\"_blank\" rel=\"noopener\">Pflegeverband warnt wegen Fachkr\u00e4ftemangels vor massiver Pleitewelle<\/a><\/p>\n","protected":false},"excerpt":{"rendered":"<p>Hannover\/Berlin (epd). Der Verband der privat betriebenen Pflegeeinrichtungen hat angesichts des akuten Fachkr\u00e4ftemangels vor einer massiven Pleitewelle in der Pflegebranche gewarnt. \u00abEs besteht die gro\u00dfe Gefahr eines Fl\u00e4chenbrandes\u00bb, sagte der Pr\u00e4sident des Bundesverbandes privater Anbieter sozialer Dienste (BPA), Bernd Meurer, dem \u00abRedaktionsNetzwerk Deutschland\u00bb (online \/ Print Dienstag). Es mehrten sich die Berichte \u00fcber Insolvenzen oder Betriebsschlie\u00dfungen. &nbsp; Betroffen seien alle Tr\u00e4ger, also nicht nur Familienunternehmen, sondern auch gr\u00f6\u00dfere Betreiber und Einrichtungen der freien Wohlfahrtspflege. Die Lage sei be\u00e4ngstigend. \u00abWir m\u00fcssen davon ausgehen, dass das keine Einzelf\u00e4lle mehr sind\u00bb, betonte Meurer. \u00abDann bleiben die Pflegebed\u00fcrftigen und ihre Familien in gro\u00dfer Zahl&#8230;<\/p>\n","protected":false},"author":7,"featured_media":0,"comment_status":"false","ping_status":"open","sticky":false,"template":"","format":"standard","meta":{"footnotes":""},"categories":[43],"tags":[44],"class_list":["post-24215","post","type-post","status-publish","format-standard","hentry","category-kirche-oldenburg","tag-kirche-oldenburg"],"_links":{"self":[{"href":"https:\/\/christusnews.de\/site\/wp-json\/wp\/v2\/posts\/24215","targetHints":{"allow":["GET"]}}],"collection":[{"href":"https:\/\/christusnews.de\/site\/wp-json\/wp\/v2\/posts"}],"about":[{"href":"https:\/\/christusnews.de\/site\/wp-json\/wp\/v2\/types\/post"}],"author":[{"embeddable":true,"href":"https:\/\/christusnews.de\/site\/wp-json\/wp\/v2\/users\/7"}],"replies":[{"embeddable":true,"href":"https:\/\/christusnews.de\/site\/wp-json\/wp\/v2\/comments?post=24215"}],"version-history":[{"count":1,"href":"https:\/\/christusnews.de\/site\/wp-json\/wp\/v2\/posts\/24215\/revisions"}],"predecessor-version":[{"id":24216,"href":"https:\/\/christusnews.de\/site\/wp-json\/wp\/v2\/posts\/24215\/revisions\/24216"}],"wp:attachment":[{"href":"https:\/\/christusnews.de\/site\/wp-json\/wp\/v2\/media?parent=24215"}],"wp:term":[{"taxonomy":"category","embeddable":true,"href":"https:\/\/christusnews.de\/site\/wp-json\/wp\/v2\/categories?post=24215"},{"taxonomy":"post_tag","embeddable":true,"href":"https:\/\/christusnews.de\/site\/wp-json\/wp\/v2\/tags?post=24215"}],"curies":[{"name":"wp","href":"https:\/\/api.w.org\/{rel}","templated":true}]}}