{"id":24217,"date":"2023-05-28T11:54:00","date_gmt":"2023-05-28T09:54:00","guid":{"rendered":"https:\/\/christusnews.de\/site\/kirchen-betonen-zu-pfingsten-kraft-des-heiligen-geists\/"},"modified":"2023-05-30T23:17:40","modified_gmt":"2023-05-30T21:17:40","slug":"kirchen-betonen-zu-pfingsten-kraft-des-heiligen-geists","status":"publish","type":"post","link":"https:\/\/christusnews.de\/site\/kirchen-betonen-zu-pfingsten-kraft-des-heiligen-geists\/","title":{"rendered":"Kirchen betonen zu Pfingsten Kraft des Heiligen Geists"},"content":{"rendered":"<p class=\"MsoPlainText\">Hannover (epd). Zu Pfingsten haben leitende Geistlichen der gro\u00dfen christlichen Kirchen das Geschenk Gottes betont, das mit diesem Fest verbunden sei. Der Vorsitzende der katholischen Bischofskonferenz, Georg B\u00e4tzing, \u00e4u\u00dferte am Sonntag die Hoffnung, dass der Heilige Geist die Herzen der Gl\u00e4ubigen erf\u00fclle und in ihnen das Feuer der Liebe entz\u00fcnde. Die Ratsvorsitzende der Evangelischen Kirche in Deutschland (EKD), Annette Kurschus, sagte, dieser Geist k\u00f6nne Menschen unterschiedlicher Nationalit\u00e4ten, Religionen und Generationen miteinander verbinden.<\/p>\n<p class=\"MsoPlainText\">&nbsp;<\/p>\n<p class=\"MsoPlainText\">B\u00e4tzing sagte im Limburger Dom, Pfingsten sei die Initialz\u00fcndung einer Kirche der Vielfalt, der vielen Sprachen, Kulturen, unterschiedlichen Biografien und Herk\u00fcnfte: \u00abPfingsten geschieht nicht einmalig, es kann immer wieder geschehen, erhofft und erbetet, miteinander erwartet und von Gott geschenkt werden.\u00bb<\/p>\n<p class=\"MsoPlainText\">&nbsp;<\/p>\n<p class=\"MsoPlainText\">Das Beispiel Pfingsten mache deutlich, dass nicht alle Menschen im selben Jetzt leben. \u00abNeueste Technologie geht Hand in Hand mit den \u00e4ltesten Vorurteilen\u00bb, erkl\u00e4rte B\u00e4tzing. Einerseits gebe es Satelliten im All, neue Impfstoffe und Smartphones mit k\u00fcnstlicher Intelligenz, andererseits Verschw\u00f6rungsmythen und Hassbotschaften. W\u00e4hrend es einerseits ein wachsendes Bewusstsein f\u00fcr die Verantwortung f\u00fcr die Sch\u00f6pfung gebe, w\u00fcrden andererseits in Europa St\u00e4dte bombardiert.<\/p>\n<p class=\"MsoPlainText\">&nbsp;<\/p>\n<p class=\"MsoPlainText\">Kurschus beklagte eine \u00abHochkonjunktur\u00bb der L\u00fcge.&nbsp;Falschnachrichten w\u00fcrden \u00abgen\u00fcsslich verbreitet\u00bb, sagte sie: \u00abEine L\u00fcge muss m\u00f6glichst frech sein, dann gewinnt sie fanatisch \u00fcberzeugte Leute, die ganze Stadien f\u00fcllen.\u00bb Zugleich beobachte sie eine \u00abbe\u00e4ngstigend autorit\u00e4re Wahrheitswut\u00bb. Viele vertr\u00e4ten ihre Wahrheit absolut, anstatt unterschiedliche Meinungen auszutauschen. Es gebe keine Wahrheit ohne Liebe, sagte die EKD-Ratsvorsitzende: \u00abLieblose Wahrheit ist Rechthaberei, schlimmstenfalls wird sie zu fanatischem Fundamentalismus.\u00bb In der biblischen Pfingstgeschichte wirke hingegen ein \u00abGeist der Wahrheit\u00bb.<\/p>\n<p class=\"MsoPlainText\">&nbsp;<\/p>\n<p class=\"MsoPlainText\">Der Leitende Bischof der Vereinigten Evangelisch-Lutherischen Kirche Deutschlands (VELKD), Ralf Meister, bezeichnete das Pfingstfest als Symbol des Wandels und der Mitmenschlichkeit. An Pfingsten erf\u00fchren die Menschen, \u00abdass sie Menschen, die weit entfernt sind, verstehen und in ihrem Leid ernst nehmen &#8211; so wie uns heute der Krieg in der Ukraine immer wieder unter die Haut geht\u00bb, erkl\u00e4rte Meister, der auch hannoverscher Landesbischof ist.<\/p>\n<p class=\"MsoPlainText\">&nbsp;<\/p>\n<p class=\"MsoPlainText\">Der bayerische Landesbischof Heinrich Bedford-Strohm ermutigte die Gl\u00e4ubigen, \u00aban diesem Pfingstfest viel Geist zu tanken\u00bb und davon zu erz\u00e4hlen, \u00abwelche Lust es ist, eine Christin, ein Christ zu sein\u00bb. Es sei \u00abspielentscheidend\u00bb, ob man mit dem Gef\u00fchl durchs Leben gehe, dass alles den Bach runtergeht, oder ob man glauben k\u00f6nne, dass selbst aus dem B\u00f6sesten noch Gutes entstehen k\u00f6nne.<\/p>\n<p class=\"MsoPlainText\">&nbsp;<\/p>\n<p class=\"MsoPlainText\">Pfingsten ist nach Ostern und Weihnachten das dritte gro\u00dfe Fest im Kirchenjahr. In Erinnerung an die in der Bibel geschilderte Ausgie\u00dfung des Heiligen Geistes auf die Menschen wird Pfingsten auch als \u00abGeburtstag der Kirche\u00bb verstanden. In vielen Gemeinden werden an Pfingsten Gottesdienste unter freiem Himmel gefeiert.<\/p>\n<p>Kirche-Oldenburg<br \/>\n<a href=\"https:\/\/www.kirche-oldenburg.de\/\/aktuell\/news-niedersachsen\/artikel\/kirchen-betonen-zu-pfingsten-kraft-des-heiligen-geists\" target=\"_blank\" rel=\"noopener\">Kirchen betonen zu Pfingsten Kraft des Heiligen Geists<\/a><\/p>\n","protected":false},"excerpt":{"rendered":"<p>Hannover (epd). Zu Pfingsten haben leitende Geistlichen der gro\u00dfen christlichen Kirchen das Geschenk Gottes betont, das mit diesem Fest verbunden sei. Der Vorsitzende der katholischen Bischofskonferenz, Georg B\u00e4tzing, \u00e4u\u00dferte am Sonntag die Hoffnung, dass der Heilige Geist die Herzen der Gl\u00e4ubigen erf\u00fclle und in ihnen das Feuer der Liebe entz\u00fcnde. Die Ratsvorsitzende der Evangelischen Kirche in Deutschland (EKD), Annette Kurschus, sagte, dieser Geist k\u00f6nne Menschen unterschiedlicher Nationalit\u00e4ten, Religionen und Generationen miteinander verbinden. &nbsp; B\u00e4tzing sagte im Limburger Dom, Pfingsten sei die Initialz\u00fcndung einer Kirche der Vielfalt, der vielen Sprachen, Kulturen, unterschiedlichen Biografien und Herk\u00fcnfte: \u00abPfingsten geschieht nicht einmalig, es kann&#8230;<\/p>\n","protected":false},"author":7,"featured_media":0,"comment_status":"false","ping_status":"open","sticky":false,"template":"","format":"standard","meta":{"footnotes":""},"categories":[43],"tags":[44],"class_list":["post-24217","post","type-post","status-publish","format-standard","hentry","category-kirche-oldenburg","tag-kirche-oldenburg"],"_links":{"self":[{"href":"https:\/\/christusnews.de\/site\/wp-json\/wp\/v2\/posts\/24217","targetHints":{"allow":["GET"]}}],"collection":[{"href":"https:\/\/christusnews.de\/site\/wp-json\/wp\/v2\/posts"}],"about":[{"href":"https:\/\/christusnews.de\/site\/wp-json\/wp\/v2\/types\/post"}],"author":[{"embeddable":true,"href":"https:\/\/christusnews.de\/site\/wp-json\/wp\/v2\/users\/7"}],"replies":[{"embeddable":true,"href":"https:\/\/christusnews.de\/site\/wp-json\/wp\/v2\/comments?post=24217"}],"version-history":[{"count":1,"href":"https:\/\/christusnews.de\/site\/wp-json\/wp\/v2\/posts\/24217\/revisions"}],"predecessor-version":[{"id":24218,"href":"https:\/\/christusnews.de\/site\/wp-json\/wp\/v2\/posts\/24217\/revisions\/24218"}],"wp:attachment":[{"href":"https:\/\/christusnews.de\/site\/wp-json\/wp\/v2\/media?parent=24217"}],"wp:term":[{"taxonomy":"category","embeddable":true,"href":"https:\/\/christusnews.de\/site\/wp-json\/wp\/v2\/categories?post=24217"},{"taxonomy":"post_tag","embeddable":true,"href":"https:\/\/christusnews.de\/site\/wp-json\/wp\/v2\/tags?post=24217"}],"curies":[{"name":"wp","href":"https:\/\/api.w.org\/{rel}","templated":true}]}}