{"id":24219,"date":"2023-05-27T11:52:00","date_gmt":"2023-05-27T09:52:00","guid":{"rendered":"https:\/\/christusnews.de\/site\/antisemitismusbeauftragter-warnt-vor-judenhass-an-deutschen-schulen\/"},"modified":"2023-05-30T23:17:41","modified_gmt":"2023-05-30T21:17:41","slug":"antisemitismusbeauftragter-warnt-vor-judenhass-an-deutschen-schulen","status":"publish","type":"post","link":"https:\/\/christusnews.de\/site\/antisemitismusbeauftragter-warnt-vor-judenhass-an-deutschen-schulen\/","title":{"rendered":"Antisemitismusbeauftragter warnt vor Judenhass an deutschen Schulen"},"content":{"rendered":"<p class=\"MsoPlainText\">Braunschweig\/Berlin (epd). Der Antisemitismusbeauftragte der Bundesregierung, Felix Klein, warnt vor Judenhass an deutschen Schulen und fordert eine Meldepflicht f\u00fcr antisemitische Vorf\u00e4lle. \u00abWir stellen fest, dass Antisemitismus auch an Schulen verbreitet wird. Er geht nicht nur von Sch\u00fclern aus, sondern auch von den Lehrkr\u00e4ften\u00bb, sagte er den Zeitungen der Funke-Mediengruppe (Samstag) . Im Unterricht komme es mitunter zu \u00abf\u00fcrchterlichen Bemerkungen\u00bb.<\/p>\n<p class=\"MsoPlainText\">&nbsp;<\/p>\n<p class=\"MsoPlainText\">Zudem gebe es verheerende bildliche Darstellungen etwa in Religionsb\u00fcchern. Juden, die Jesus bei der Bergpredigt zuh\u00f6rten, w\u00fcrden d\u00fcster gezeichnet. \u00abDas geschieht oft unbewusst, darf sich bei den Kindern aber nicht festsetzen\u00bb, sagte Klein.<\/p>\n<p class=\"MsoPlainText\">&nbsp;<\/p>\n<p class=\"MsoPlainText\">Eine bundesweite Meldepflicht f\u00fcr antisemitische Vorf\u00e4lle an Schulen k\u00f6nnte nach Ansicht Kleins der Abschreckung dienen. \u00abDann kommt keiner in Versuchung, etwas unter den Teppich zu kehren\u00bb, sagte er. Au\u00dferdem m\u00fcsse der Umgang mit Antisemitismus und Rassismus \u00abzum verpflichtenden, pr\u00fcfungsrelevanten Bestandteil der Lehramtsausbildung in ganz Deutschland werden\u00bb.<\/p>\n<p class=\"MsoPlainText\">&nbsp;<\/p>\n<p class=\"MsoPlainText\">Klein forderte zudem weitere juristische Schritte gegen den umstrittenen Mitbegr\u00fcnder der Band Pink Floyd, Roger Waters. \u00abIch appelliere an die Wachsamkeit von Polizei und Justiz und ermutige zu weiteren Anzeigen\u00bb, sagte er den Funke-Zeitungen. Waters lasse in seinen Konzerten etwa Plastik-Schweine mit Davidstern aufsteigen. \u00abLeider sind die Gerichtsverfahren, die dagegen angestrengt werden, bisher zu seinen Gunsten ausgegangen &#8211; obwohl er Antisemitismus verbreitet und mutma\u00dflich Volksverhetzung betreibt.\u00bb Klein rief Konzertveranstalter dazu auf, sich gut zu \u00fcberlegen, ob sie \u00abVerschw\u00f6rungserz\u00e4hlern eine B\u00fchne bieten\u00bb wollten.<\/p>\n<p>Kirche-Oldenburg<br \/>\n<a href=\"https:\/\/www.kirche-oldenburg.de\/\/aktuell\/news-niedersachsen\/artikel\/antisemitismusbeauftragter-warnt-vor-judenhass-an-deutschen-schulen\" target=\"_blank\" rel=\"noopener\">Antisemitismusbeauftragter warnt vor Judenhass an deutschen Schulen<\/a><\/p>\n","protected":false},"excerpt":{"rendered":"<p>Braunschweig\/Berlin (epd). Der Antisemitismusbeauftragte der Bundesregierung, Felix Klein, warnt vor Judenhass an deutschen Schulen und fordert eine Meldepflicht f\u00fcr antisemitische Vorf\u00e4lle. \u00abWir stellen fest, dass Antisemitismus auch an Schulen verbreitet wird. Er geht nicht nur von Sch\u00fclern aus, sondern auch von den Lehrkr\u00e4ften\u00bb, sagte er den Zeitungen der Funke-Mediengruppe (Samstag) . Im Unterricht komme es mitunter zu \u00abf\u00fcrchterlichen Bemerkungen\u00bb. &nbsp; Zudem gebe es verheerende bildliche Darstellungen etwa in Religionsb\u00fcchern. Juden, die Jesus bei der Bergpredigt zuh\u00f6rten, w\u00fcrden d\u00fcster gezeichnet. \u00abDas geschieht oft unbewusst, darf sich bei den Kindern aber nicht festsetzen\u00bb, sagte Klein. &nbsp; Eine bundesweite Meldepflicht f\u00fcr antisemitische Vorf\u00e4lle&#8230;<\/p>\n","protected":false},"author":7,"featured_media":0,"comment_status":"false","ping_status":"open","sticky":false,"template":"","format":"standard","meta":{"footnotes":""},"categories":[43],"tags":[44],"class_list":["post-24219","post","type-post","status-publish","format-standard","hentry","category-kirche-oldenburg","tag-kirche-oldenburg"],"_links":{"self":[{"href":"https:\/\/christusnews.de\/site\/wp-json\/wp\/v2\/posts\/24219","targetHints":{"allow":["GET"]}}],"collection":[{"href":"https:\/\/christusnews.de\/site\/wp-json\/wp\/v2\/posts"}],"about":[{"href":"https:\/\/christusnews.de\/site\/wp-json\/wp\/v2\/types\/post"}],"author":[{"embeddable":true,"href":"https:\/\/christusnews.de\/site\/wp-json\/wp\/v2\/users\/7"}],"replies":[{"embeddable":true,"href":"https:\/\/christusnews.de\/site\/wp-json\/wp\/v2\/comments?post=24219"}],"version-history":[{"count":1,"href":"https:\/\/christusnews.de\/site\/wp-json\/wp\/v2\/posts\/24219\/revisions"}],"predecessor-version":[{"id":24220,"href":"https:\/\/christusnews.de\/site\/wp-json\/wp\/v2\/posts\/24219\/revisions\/24220"}],"wp:attachment":[{"href":"https:\/\/christusnews.de\/site\/wp-json\/wp\/v2\/media?parent=24219"}],"wp:term":[{"taxonomy":"category","embeddable":true,"href":"https:\/\/christusnews.de\/site\/wp-json\/wp\/v2\/categories?post=24219"},{"taxonomy":"post_tag","embeddable":true,"href":"https:\/\/christusnews.de\/site\/wp-json\/wp\/v2\/tags?post=24219"}],"curies":[{"name":"wp","href":"https:\/\/api.w.org\/{rel}","templated":true}]}}