{"id":24223,"date":"2023-05-26T11:50:00","date_gmt":"2023-05-26T09:50:00","guid":{"rendered":"https:\/\/christusnews.de\/site\/diakonie-in-niedersachsen-enttaeuscht-ueber-pflegereform\/"},"modified":"2023-05-30T23:17:42","modified_gmt":"2023-05-30T21:17:42","slug":"diakonie-in-niedersachsen-enttaeuscht-ueber-pflegereform","status":"publish","type":"post","link":"https:\/\/christusnews.de\/site\/diakonie-in-niedersachsen-enttaeuscht-ueber-pflegereform\/","title":{"rendered":"Diakonie in Niedersachsen entt\u00e4uscht \u00fcber Pflegereform"},"content":{"rendered":"<p class=\"MsoPlainText\">Hannover (epd). Die Diakonie in Niedersachsen hat sich entt\u00e4uscht \u00fcber die am Freitag vom Bundestag beschlossene Pflegereform gezeigt. Das Gesetz bleibe hinter den selbst gesteckten Zielen der Bundesregierung deutlich zur\u00fcck, sagte Vorstandssprecher Hans-Joachim Lenke in Hannover. Die Reformschritte fielen zu klein aus. Sie reichten noch nicht einmal aus, um die Versorgungsprobleme in der Langzeitpflege kurzfristig zu l\u00f6sen: \u00abVon einer langfristigen L\u00f6sung sind wir leider meilenweit entfernt.\u00bb<\/p>\n<p class=\"MsoPlainText\">&nbsp;<\/p>\n<p class=\"MsoPlainText\">Eine im Mai ver\u00f6ffentlichte Umfrage zeige, dass die zugespitzte Situation in der Pflege in manchen Regionen bereits zu einer Unterversorgung f\u00fchre, sagte Lenke. Im Fl\u00e4chenland Niedersachsen w\u00fcrden dringend mehr Kurzzeit- und Tagespflegepl\u00e4tze ben\u00f6tigt, um pflegende Angeh\u00f6rigen zu entlasten. Denn vor allem im l\u00e4ndlichen Raum weise die station\u00e4re und ambulante Pflege zunehmend L\u00fccken auf. Der Ausbau solcher Angebote werde von der Pflegereform nicht im erforderlichen Umfang unterst\u00fctzt.<\/p>\n<p class=\"MsoPlainText\">&nbsp;<\/p>\n<p class=\"MsoPlainText\">Bei den station\u00e4ren Einrichtungen falle die Erh\u00f6hung der Pflegekassen-Zuschl\u00e4ge an die Pflegebed\u00fcrftigen zu gering aus. Die Kostensteigerungen der vergangenen Jahre in den Pflegeheimen w\u00fcrden bei weitem nicht von der Pflegeversicherung ausgeglichen. \u00abEs braucht einfach einen gro\u00dfen Wurf, um die gro\u00dfen Herausforderungen bew\u00e4ltigen zu k\u00f6nnen\u00bb, sagte Lenke. Aktuell erh\u00f6he sich der Reformstau und der Reformdruck eher.<\/p>\n<p class=\"MsoPlainText\">&nbsp;<\/p>\n<p class=\"MsoPlainText\">Nach dem Beschluss des Bundestages erh\u00f6ht sich der Pflegebeitragssatz ab Juli von 3,05 auf 3,4 Prozent des Bruttoeinkommens. Kinderlose zahlen dann mehr, Eltern mit mehr als zwei Kindern weniger. Zugleich sollen Leistungen verbessert werden: Das Pflegegeld und die Kosten\u00fcbernahme f\u00fcr Pflegedienst-Eins\u00e4tze steigen um f\u00fcnf Prozent. Bewohner von Pflegeheimen bekommen ab 2024 einen h\u00f6heren Zuschuss. Im ersten Jahr schie\u00dft die Pflegeversicherung dann 15 Prozent zu, heute sind es f\u00fcnf Prozent.<\/p>\n<p class=\"MsoPlainText\">&nbsp;<\/p>\n<p class=\"MsoPlainText\">Die Entlastungsleistungen f\u00fcr pflegende Angeh\u00f6rige sollen vereinfacht werden, f\u00fcr alle Pflegebed\u00fcrftigen allerdings erst ab Mitte 2025. Daf\u00fcr werden Leistungen zu einem Entlastungsbudget von 3.539 Euro im Jahr zusammengefasst, mit dem die Angeh\u00f6rigen Vertretungen und Kurzzeitpflege dann flexibler organisieren k\u00f6nnen als bisher.<\/p>\n<p>Kirche-Oldenburg<br \/>\n<a href=\"https:\/\/www.kirche-oldenburg.de\/\/aktuell\/news-niedersachsen\/artikel\/diakonie-in-niedersachsen-enttaeuscht-ueber-pflegereform\" target=\"_blank\" rel=\"noopener\">Diakonie in Niedersachsen entt\u00e4uscht \u00fcber Pflegereform<\/a><\/p>\n","protected":false},"excerpt":{"rendered":"<p>Hannover (epd). Die Diakonie in Niedersachsen hat sich entt\u00e4uscht \u00fcber die am Freitag vom Bundestag beschlossene Pflegereform gezeigt. Das Gesetz bleibe hinter den selbst gesteckten Zielen der Bundesregierung deutlich zur\u00fcck, sagte Vorstandssprecher Hans-Joachim Lenke in Hannover. Die Reformschritte fielen zu klein aus. Sie reichten noch nicht einmal aus, um die Versorgungsprobleme in der Langzeitpflege kurzfristig zu l\u00f6sen: \u00abVon einer langfristigen L\u00f6sung sind wir leider meilenweit entfernt.\u00bb &nbsp; Eine im Mai ver\u00f6ffentlichte Umfrage zeige, dass die zugespitzte Situation in der Pflege in manchen Regionen bereits zu einer Unterversorgung f\u00fchre, sagte Lenke. Im Fl\u00e4chenland Niedersachsen w\u00fcrden dringend mehr Kurzzeit- und Tagespflegepl\u00e4tze ben\u00f6tigt,&#8230;<\/p>\n","protected":false},"author":7,"featured_media":0,"comment_status":"false","ping_status":"open","sticky":false,"template":"","format":"standard","meta":{"footnotes":""},"categories":[43],"tags":[44],"class_list":["post-24223","post","type-post","status-publish","format-standard","hentry","category-kirche-oldenburg","tag-kirche-oldenburg"],"_links":{"self":[{"href":"https:\/\/christusnews.de\/site\/wp-json\/wp\/v2\/posts\/24223","targetHints":{"allow":["GET"]}}],"collection":[{"href":"https:\/\/christusnews.de\/site\/wp-json\/wp\/v2\/posts"}],"about":[{"href":"https:\/\/christusnews.de\/site\/wp-json\/wp\/v2\/types\/post"}],"author":[{"embeddable":true,"href":"https:\/\/christusnews.de\/site\/wp-json\/wp\/v2\/users\/7"}],"replies":[{"embeddable":true,"href":"https:\/\/christusnews.de\/site\/wp-json\/wp\/v2\/comments?post=24223"}],"version-history":[{"count":1,"href":"https:\/\/christusnews.de\/site\/wp-json\/wp\/v2\/posts\/24223\/revisions"}],"predecessor-version":[{"id":24224,"href":"https:\/\/christusnews.de\/site\/wp-json\/wp\/v2\/posts\/24223\/revisions\/24224"}],"wp:attachment":[{"href":"https:\/\/christusnews.de\/site\/wp-json\/wp\/v2\/media?parent=24223"}],"wp:term":[{"taxonomy":"category","embeddable":true,"href":"https:\/\/christusnews.de\/site\/wp-json\/wp\/v2\/categories?post=24223"},{"taxonomy":"post_tag","embeddable":true,"href":"https:\/\/christusnews.de\/site\/wp-json\/wp\/v2\/tags?post=24223"}],"curies":[{"name":"wp","href":"https:\/\/api.w.org\/{rel}","templated":true}]}}