{"id":24227,"date":"2023-05-30T09:13:00","date_gmt":"2023-05-30T07:13:00","guid":{"rendered":"https:\/\/christusnews.de\/site\/synode-braunschweigisches-kirchenparlament-beraet-ueber-klimaschutz\/"},"modified":"2023-05-31T11:17:20","modified_gmt":"2023-05-31T09:17:20","slug":"synode-braunschweigisches-kirchenparlament-beraet-ueber-klimaschutz","status":"publish","type":"post","link":"https:\/\/christusnews.de\/site\/synode-braunschweigisches-kirchenparlament-beraet-ueber-klimaschutz\/","title":{"rendered":"Synode: Braunschweigisches Kirchenparlament ber\u00e4t \u00fcber Klimaschutz"},"content":{"rendered":"<p class=\"MsoPlainText\">Wolfenb\u00fcttel\/Braunschweig (epd). Die Landessynode der braunschweigischen Landeskirche kommt am 2. und 3. Juni auf dem Kirchencampus in Wolfenb\u00fcttel zu ihrer Fr\u00fchjahrstagung zusammen. Auf dem Programm stehen unter anderem Debatten \u00fcber Klimaschutz, kirchliche Geb\u00e4ude und die Zukunft der kirchlichen Arbeit, wie Kirchensprecher Michael Strau\u00df am Dienstag mitteilte.<\/p>\n<p class=\"MsoPlainText\">&nbsp;<\/p>\n<p class=\"MsoPlainText\">Au\u00dferdem werde bei der Tagung des Kirchenparlamentes das bisch\u00f6fliche Themenjahr \u00abSeelsorge\u00bb mit einem Vortrag sowie Workshops und Diskussionsrunden abgeschlossen. Zu diesem Tagesordnungspunkt erwarten die Synodenmitglieder den Angaben zufolge zahlreiche haupt- und ehrenamtliche Seelsorger und Seelsorgerinnen.<\/p>\n<p class=\"MsoPlainText\">&nbsp;<\/p>\n<p class=\"MsoPlainText\">In der evangelischen Kirche sind Synoden die Parlamente der Landeskirchen. Sie vertreten die Interessen der Ortsgemeinden, also der kirchlichen Basis. Das Wort Synode leitet sich vom griechischen \u00absynodos\u00bb (\u00abgemeinsam auf dem Weg sein\u00bb) her. Zur Evangelisch-lutherische Landeskirche in Braunschweig z\u00e4hlen rund 302.000 Mitglieder in 299 Gemeinden im S\u00fcdosten Niedersachsens.<\/p>\n<p>Kirche-Oldenburg<br \/>\n<a href=\"https:\/\/www.kirche-oldenburg.de\/\/aktuell\/news-niedersachsen\/artikel\/synode-braunschweigisches-kirchenparlament-beraet-ueber-klimaschutz\" target=\"_blank\" rel=\"noopener\">Synode: Braunschweigisches Kirchenparlament ber\u00e4t \u00fcber Klimaschutz<\/a><\/p>\n","protected":false},"excerpt":{"rendered":"<p>Wolfenb\u00fcttel\/Braunschweig (epd). Die Landessynode der braunschweigischen Landeskirche kommt am 2. und 3. Juni auf dem Kirchencampus in Wolfenb\u00fcttel zu ihrer Fr\u00fchjahrstagung zusammen. Auf dem Programm stehen unter anderem Debatten \u00fcber Klimaschutz, kirchliche Geb\u00e4ude und die Zukunft der kirchlichen Arbeit, wie Kirchensprecher Michael Strau\u00df am Dienstag mitteilte. &nbsp; Au\u00dferdem werde bei der Tagung des Kirchenparlamentes das bisch\u00f6fliche Themenjahr \u00abSeelsorge\u00bb mit einem Vortrag sowie Workshops und Diskussionsrunden abgeschlossen. Zu diesem Tagesordnungspunkt erwarten die Synodenmitglieder den Angaben zufolge zahlreiche haupt- und ehrenamtliche Seelsorger und Seelsorgerinnen. &nbsp; In der evangelischen Kirche sind Synoden die Parlamente der Landeskirchen. Sie vertreten die Interessen der Ortsgemeinden, also&#8230;<\/p>\n","protected":false},"author":7,"featured_media":0,"comment_status":"false","ping_status":"open","sticky":false,"template":"","format":"standard","meta":{"footnotes":""},"categories":[43],"tags":[44],"class_list":["post-24227","post","type-post","status-publish","format-standard","hentry","category-kirche-oldenburg","tag-kirche-oldenburg"],"_links":{"self":[{"href":"https:\/\/christusnews.de\/site\/wp-json\/wp\/v2\/posts\/24227","targetHints":{"allow":["GET"]}}],"collection":[{"href":"https:\/\/christusnews.de\/site\/wp-json\/wp\/v2\/posts"}],"about":[{"href":"https:\/\/christusnews.de\/site\/wp-json\/wp\/v2\/types\/post"}],"author":[{"embeddable":true,"href":"https:\/\/christusnews.de\/site\/wp-json\/wp\/v2\/users\/7"}],"replies":[{"embeddable":true,"href":"https:\/\/christusnews.de\/site\/wp-json\/wp\/v2\/comments?post=24227"}],"version-history":[{"count":1,"href":"https:\/\/christusnews.de\/site\/wp-json\/wp\/v2\/posts\/24227\/revisions"}],"predecessor-version":[{"id":24228,"href":"https:\/\/christusnews.de\/site\/wp-json\/wp\/v2\/posts\/24227\/revisions\/24228"}],"wp:attachment":[{"href":"https:\/\/christusnews.de\/site\/wp-json\/wp\/v2\/media?parent=24227"}],"wp:term":[{"taxonomy":"category","embeddable":true,"href":"https:\/\/christusnews.de\/site\/wp-json\/wp\/v2\/categories?post=24227"},{"taxonomy":"post_tag","embeddable":true,"href":"https:\/\/christusnews.de\/site\/wp-json\/wp\/v2\/tags?post=24227"}],"curies":[{"name":"wp","href":"https:\/\/api.w.org\/{rel}","templated":true}]}}