{"id":24229,"date":"2023-05-31T13:01:35","date_gmt":"2023-05-31T11:01:35","guid":{"rendered":"https:\/\/christusnews.de\/site\/?p=24229"},"modified":"2023-05-31T13:01:36","modified_gmt":"2023-05-31T11:01:36","slug":"pfingstfest-und-abschied-von-pastorin-christa-wendrich","status":"publish","type":"post","link":"https:\/\/christusnews.de\/site\/pfingstfest-und-abschied-von-pastorin-christa-wendrich\/","title":{"rendered":"Pfingstfest und Abschied von Pastorin Christa Wendrich"},"content":{"rendered":"\n<p>Pfingstfest und Abschied von Pastorin Christa Wendrich<\/p>\n\n\n\n<p>Am Pfingstsonntag wurde Pastorin Christa Wendrich in einem feierlichen Gottesdienst den Ruhestand verabschiedet und von ihren Aufgaben entpflichtet.<\/p>\n\n\n\n<p>Fast 35 Jahre lang war sie als Seelsorgerin im Evangelischen Seniorenzentrum und im Pauline Ahlsdorff-Haus als Seelsorgerin t\u00e4tig. Kreispfarrer Christian Scheuer dankte Christa Wendrich f\u00fcr ihren Dienst und fasste das pfingstliche Fest folgendermassen zusammen: &#8220;Die Seelsorge an pflegebed\u00fcrftigen und alten Menschen ist eine eher stille Aufgabe der Kirche. Wir sind sehr froh, dass wir das Engagement von Christa Wendrich in einem Festgottesdienst w\u00fcrdigen konnten, der von kraftvoller Musik und geistreicher St\u00e4rke getragen wurde. Die bestens gef\u00fcllte Christus- und Garnisonkirche ist ein sichtbares Zeichen daf\u00fcr, dass sich viele Menschen aus der Region mit Pastorin Wendrich verbunden f\u00fchlen. Wir w\u00fcnschen Ihr alles gute und Gottes Segen f\u00fcr den weiteren Weg.\u201c&nbsp;<\/p>\n\n\n\n<p>Auf dem Bild von links nach rechts:<\/p>\n\n\n\n<p>Lektor Folkert Jan\u00dfen, Lektorin Inken Hansen, Organist Holger Trempeck-Wilken, Kreispfarrer Christian Scheuer, Pastorin Christa Wendrich, Lektorin Juliane Kallusky, Pastor Bernhard Busemann.<\/p>\n","protected":false},"excerpt":{"rendered":"<p>Pfingstfest und Abschied von Pastorin Christa Wendrich Am Pfingstsonntag wurde Pastorin Christa Wendrich in einem feierlichen Gottesdienst den Ruhestand verabschiedet und von ihren Aufgaben entpflichtet. Fast 35 Jahre lang war sie als Seelsorgerin im Evangelischen Seniorenzentrum und im Pauline Ahlsdorff-Haus als Seelsorgerin t\u00e4tig. Kreispfarrer Christian Scheuer dankte Christa Wendrich f\u00fcr ihren Dienst und fasste das pfingstliche Fest folgendermassen zusammen: &#8220;Die Seelsorge an pflegebed\u00fcrftigen und alten Menschen ist eine eher stille Aufgabe der Kirche. Wir sind sehr froh, dass wir das Engagement von Christa Wendrich in einem Festgottesdienst w\u00fcrdigen konnten, der von kraftvoller Musik und geistreicher St\u00e4rke getragen wurde. Die bestens&#8230;<\/p>\n","protected":false},"author":2,"featured_media":24241,"comment_status":"closed","ping_status":"open","sticky":false,"template":"","format":"standard","meta":{"footnotes":""},"categories":[1],"tags":[],"class_list":["post-24229","post","type-post","status-publish","format-standard","has-post-thumbnail","hentry","category-gemeinde"],"_links":{"self":[{"href":"https:\/\/christusnews.de\/site\/wp-json\/wp\/v2\/posts\/24229","targetHints":{"allow":["GET"]}}],"collection":[{"href":"https:\/\/christusnews.de\/site\/wp-json\/wp\/v2\/posts"}],"about":[{"href":"https:\/\/christusnews.de\/site\/wp-json\/wp\/v2\/types\/post"}],"author":[{"embeddable":true,"href":"https:\/\/christusnews.de\/site\/wp-json\/wp\/v2\/users\/2"}],"replies":[{"embeddable":true,"href":"https:\/\/christusnews.de\/site\/wp-json\/wp\/v2\/comments?post=24229"}],"version-history":[{"count":1,"href":"https:\/\/christusnews.de\/site\/wp-json\/wp\/v2\/posts\/24229\/revisions"}],"predecessor-version":[{"id":24242,"href":"https:\/\/christusnews.de\/site\/wp-json\/wp\/v2\/posts\/24229\/revisions\/24242"}],"wp:featuredmedia":[{"embeddable":true,"href":"https:\/\/christusnews.de\/site\/wp-json\/wp\/v2\/media\/24241"}],"wp:attachment":[{"href":"https:\/\/christusnews.de\/site\/wp-json\/wp\/v2\/media?parent=24229"}],"wp:term":[{"taxonomy":"category","embeddable":true,"href":"https:\/\/christusnews.de\/site\/wp-json\/wp\/v2\/categories?post=24229"},{"taxonomy":"post_tag","embeddable":true,"href":"https:\/\/christusnews.de\/site\/wp-json\/wp\/v2\/tags?post=24229"}],"curies":[{"name":"wp","href":"https:\/\/api.w.org\/{rel}","templated":true}]}}