{"id":24246,"date":"2023-05-31T08:49:00","date_gmt":"2023-05-31T06:49:00","guid":{"rendered":"https:\/\/christusnews.de\/site\/franz-josef-bode-ein-reformer-tritt-ab-erster-zurueckgetretener-katholischer-bischof-wird-verabschiedet\/"},"modified":"2023-06-01T11:18:35","modified_gmt":"2023-06-01T09:18:35","slug":"franz-josef-bode-ein-reformer-tritt-ab-erster-zurueckgetretener-katholischer-bischof-wird-verabschiedet","status":"publish","type":"post","link":"https:\/\/christusnews.de\/site\/franz-josef-bode-ein-reformer-tritt-ab-erster-zurueckgetretener-katholischer-bischof-wird-verabschiedet\/","title":{"rendered":"Franz-Josef Bode: Ein Reformer tritt ab &#8211; Erster zur\u00fcckgetretener katholischer Bischof wird verabschiedet"},"content":{"rendered":"<p class=\"MsoPlainText\">Osnabr\u00fcck (epd). Er konnte sich die Weihe von Frauen zu Priesterinnen vorstellen und Priester, die verheiratet sind. Franz-Josef Bode war einer der ersten Aufkl\u00e4rer und Reformer unter den Bisch\u00f6fen in Deutschland. Bereits 2010 hatte der heute 72-J\u00e4hrige die Betroffenen im Missbrauchsskandal als ei nziger in der katholischen Kirche um Vergebung gebeten. Das Foto des b\u00e4uchlings vor dem Altar liegenden Osnabr\u00fccker Bischofs ging durch die Medien. Immer wieder betonte Bode, auch selbst Fehler gemacht zu haben. Ende M\u00e4rz trat der dienst\u00e4lteste Bischof Deutschlands zur\u00fcck. Er ist der Erste, dessen R\u00fccktrittsgesuch der Papst angenommen hat. An diesem Samstag (4.&nbsp;Juni) wird Bode im Osnabr\u00fccker Dom verabschiedet.<\/p>\n<p class=\"MsoPlainText\">&nbsp;<\/p>\n<p class=\"MsoPlainText\">Ausschlaggebend f\u00fcr Bodes Schritt war der im September letzten Jahres ver\u00f6ffentlichte Zwischenbericht zu Missbrauchsf\u00e4llen in seinem Bistum. Darin werden ihm schwerwiegende Pflichtverletzungen im Umgang mit Beschuldigten und Betroffenen vorgeworfen. Er habe mehrfach Beschuldigte in ihren \u00c4mtern belassen und damit weitere Tatgelegenheiten erm\u00f6glicht. Bis in die j\u00fcngste Vergangenheit seien in seinem Bistum Beschuldigte abweisend behandelt worden.<\/p>\n<p class=\"MsoPlainText\">&nbsp;<\/p>\n<p class=\"MsoPlainText\">Vor allem die Reaktionen aus den eigenen Reihen nach dem Zwischenbericht h\u00e4tten ihn zum Nachdenken gebracht, hatte der Bischof in einem seiner letzten Interviews mit dem Evangelischen Pressedienst (epd) im Dezember gesagt. Viele seien von ihm entt\u00e4uscht gewesen. Das Vertrauen in ihn sei ersch\u00fcttert. Priester h\u00e4tten ihn gefragt: \u00abWarum treten Sie nicht zur\u00fcck?\u00bb.<\/p>\n<p class=\"MsoPlainText\">&nbsp;<\/p>\n<p class=\"MsoPlainText\">Bode selbst gestand in seiner R\u00fccktritts-Botschaft ein, er habe lange Zeit die T\u00e4ter und die Institution mehr im Blick gehabt als die Betroffenen: \u00abIch kann heute nur alle Betroffenen erneut um Verzeihung bitten!\u00bb<\/p>\n<p class=\"MsoPlainText\">&nbsp;<\/p>\n<p class=\"MsoPlainText\">Der stellvertretende Vorsitzende der Deutschen Bischofskonferenz z\u00e4hlte in seiner Kirche sp\u00e4testens seit 2010 zu den Fortschrittlichen. Vor vielen anderen setzte er unabh\u00e4ngige Ansprechpersonen f\u00fcr Opfer ein und pr\u00e4sentierte ein Pr\u00e4ventionskonzept. In seinem Bistum hat er nach Ver\u00f6ffentlichungen des Berichtes der Uni Osnabr\u00fcck noch weitere \u00c4nderungen auf den Weg gebracht. Dazu geh\u00f6rt unter anderem die Einstellung einer unabh\u00e4ngigen Beauftragten f\u00fcr den Schutzprozess gegen sexualisierte Gewalt und einer Ombudsperson f\u00fcr Betroffene.<\/p>\n<p class=\"MsoPlainText\">&nbsp;<\/p>\n<p class=\"MsoPlainText\">Von Anfang an war Bode, der mehrfach als Bischof f\u00fcr gr\u00f6\u00dfere Di\u00f6zesen und als Vorsitzender der Deutschen Bischofskonferenz im Gespr\u00e4ch war, ein Treiber des Reformprozesses \u00abSynodaler Weg\u00bb. Den hat er vor seinem R\u00fccktritt auch noch mit zu einem aus seiner Sicht guten Ende gebracht. Alles weitere liegt nun in der Hand des Vatikans.<\/p>\n<p class=\"MsoPlainText\">&nbsp;<\/p>\n<p class=\"MsoPlainText\">Schon vor dessen Gr\u00fcndung brachte er mit dem Diakonat ein Weiheamt f\u00fcr Frauen in die Diskussion. F\u00fcr das Bistum Osnabr\u00fcck, das er seit 1995 leitet, hat Bode erste Beschl\u00fcsse aus dem \u00abSynodalen Prozess\u00bb noch umgesetzt. K\u00fcnftig soll es Segensfeiern f\u00fcr homosexuelle oder wiederverheiratete Paare geben. K\u00fcrzlich feierte der als Di\u00f6zesanadministrator fungierende Weihbischof Johannes W\u00fcbbe erstmals einen offiziellen Queer-Gottesdienst. Zudem sollen demn\u00e4chst beauftragte Frauen und M\u00e4nner ohne Priesterweihe in der Messe predigen d\u00fcrfen.<\/p>\n<p class=\"MsoPlainText\">&nbsp;<\/p>\n<p class=\"MsoPlainText\">Als Vorsitzender der Frauenkommission setzte sich Bode daf\u00fcr ein, dass mehr Frauen in Entscheidungspositionen gelangen. Bereits 2002 ernannte er als erster Bischof eine Frau zur Leiterin des Seelsorgeamtes. Bei der Weihe von Frauen zu Priesterinnen bremste er jedoch die Erwartungen, auch aus Sorge vor der Gefahr einer Spaltung der Kirche. Diese Debatte m\u00fcsse, wie auch die Frage des Pflichtz\u00f6libats, mit Rom und der ganzen Weltkirche weitergef\u00fchrt werden.<\/p>\n<p class=\"MsoPlainText\">&nbsp;<\/p>\n<p class=\"MsoPlainText\">Dem in Paderborn geborenen und 1991 dort zum Bischof geweihten Bode wurde f\u00fcr seinen R\u00fccktritt vielfach Respekt gezollt. Vor allem katholische Reformbewegungen, Laien- und Frauenverb\u00e4nde bezeichneten den Schritt als konsequent und vorbildlich. Manche \u00e4u\u00dferten aber auch Bedauern, weil ihnen nun ein Mitstreiter f\u00fcr Reformen fehle.<\/p>\n<p>Kirche-Oldenburg<br \/>\n<a href=\"https:\/\/www.kirche-oldenburg.de\/\/aktuell\/news-niedersachsen\/artikel\/franz-josef-bode-ein-reformer-tritt-ab-erster-zurueckgetretener-katholischer-bischof-wird-verabschiedet\" target=\"_blank\" rel=\"noopener\">Franz-Josef Bode: Ein Reformer tritt ab &#8211; Erster zur\u00fcckgetretener katholischer Bischof wird verabschiedet<\/a><\/p>\n","protected":false},"excerpt":{"rendered":"<p>Osnabr\u00fcck (epd). Er konnte sich die Weihe von Frauen zu Priesterinnen vorstellen und Priester, die verheiratet sind. Franz-Josef Bode war einer der ersten Aufkl\u00e4rer und Reformer unter den Bisch\u00f6fen in Deutschland. Bereits 2010 hatte der heute 72-J\u00e4hrige die Betroffenen im Missbrauchsskandal als ei nziger in der katholischen Kirche um Vergebung gebeten. Das Foto des b\u00e4uchlings vor dem Altar liegenden Osnabr\u00fccker Bischofs ging durch die Medien. Immer wieder betonte Bode, auch selbst Fehler gemacht zu haben. Ende M\u00e4rz trat der dienst\u00e4lteste Bischof Deutschlands zur\u00fcck. Er ist der Erste, dessen R\u00fccktrittsgesuch der Papst angenommen hat. An diesem Samstag (4.&nbsp;Juni) wird Bode im&#8230;<\/p>\n","protected":false},"author":7,"featured_media":0,"comment_status":"false","ping_status":"open","sticky":false,"template":"","format":"standard","meta":{"footnotes":""},"categories":[43],"tags":[44],"class_list":["post-24246","post","type-post","status-publish","format-standard","hentry","category-kirche-oldenburg","tag-kirche-oldenburg"],"_links":{"self":[{"href":"https:\/\/christusnews.de\/site\/wp-json\/wp\/v2\/posts\/24246","targetHints":{"allow":["GET"]}}],"collection":[{"href":"https:\/\/christusnews.de\/site\/wp-json\/wp\/v2\/posts"}],"about":[{"href":"https:\/\/christusnews.de\/site\/wp-json\/wp\/v2\/types\/post"}],"author":[{"embeddable":true,"href":"https:\/\/christusnews.de\/site\/wp-json\/wp\/v2\/users\/7"}],"replies":[{"embeddable":true,"href":"https:\/\/christusnews.de\/site\/wp-json\/wp\/v2\/comments?post=24246"}],"version-history":[{"count":1,"href":"https:\/\/christusnews.de\/site\/wp-json\/wp\/v2\/posts\/24246\/revisions"}],"predecessor-version":[{"id":24247,"href":"https:\/\/christusnews.de\/site\/wp-json\/wp\/v2\/posts\/24246\/revisions\/24247"}],"wp:attachment":[{"href":"https:\/\/christusnews.de\/site\/wp-json\/wp\/v2\/media?parent=24246"}],"wp:term":[{"taxonomy":"category","embeddable":true,"href":"https:\/\/christusnews.de\/site\/wp-json\/wp\/v2\/categories?post=24246"},{"taxonomy":"post_tag","embeddable":true,"href":"https:\/\/christusnews.de\/site\/wp-json\/wp\/v2\/tags?post=24246"}],"curies":[{"name":"wp","href":"https:\/\/api.w.org\/{rel}","templated":true}]}}