{"id":24250,"date":"2023-06-01T10:43:00","date_gmt":"2023-06-01T08:43:00","guid":{"rendered":"https:\/\/christusnews.de\/site\/landesbischof-meister-gedenkt-der-opfer-des-zugungluecks-von-eschede\/"},"modified":"2023-06-02T11:17:25","modified_gmt":"2023-06-02T09:17:25","slug":"landesbischof-meister-gedenkt-der-opfer-des-zugungluecks-von-eschede","status":"publish","type":"post","link":"https:\/\/christusnews.de\/site\/landesbischof-meister-gedenkt-der-opfer-des-zugungluecks-von-eschede\/","title":{"rendered":"Landesbischof Meister gedenkt der Opfer des Zugungl\u00fccks von Eschede"},"content":{"rendered":"<p class=\"MsoPlainText\">Eschede\/Kr. Celle (epd). Der hannoversche Landesbischof Ralf Meister hat der Opfer des Zugungl\u00fccks von Eschede vor 25 Jahren gedacht. \u00abEs waren Tage, die ein ganzes Land in Schock versetzten\u00bb, sagte er am Donnerstag zum Jahrestag der Katastrophe am 3. Juni. Zugleich w\u00fcrdigte der Bischof den Einsatz von Notfallseelsorgerinnen und -seelsorgern am Unfallort. \u00abSie haben zugeh\u00f6rt, getr\u00f6stet, Halt gegeben. Daf\u00fcr geb\u00fchrt ihnen gro\u00dfer Dank und Respekt.\u00bb Meister nimmt am Sonnabend an der Gedenkfeier in Eschede teil.<\/p>\n<p class=\"MsoPlainText\">&nbsp;<\/p>\n<p class=\"MsoPlainText\">Das erste Entsetzen sei bald in eine Stimmung des Mitgef\u00fchls und der tiefen Trauer gem\u00fcndet, erinnerte sich der Landesbischof und wiederholte Worte aus einer Morgenandacht, die er am Tag nach dem Ungl\u00fcck im NDR3 gehalten hatte: \u00abWir k\u00f6nnen nichts sagen. Nur die Hoffnung: Die Verletzten m\u00f6gen gesund werden, die Angeh\u00f6rigen getr\u00f6stet, die Toten bei Gott ruhen.\u00bb<\/p>\n<p class=\"MsoPlainText\">&nbsp;<\/p>\n<p class=\"MsoPlainText\">Als Redner bei der Gedenkfeier am Sonnabend werden nach Angaben der Deutschen Bahn auch Bundesverkehrsminister Volker Wissing (FDP), sein nieders\u00e4chsischer Amtskollege Olaf Lies (SPD), der Sprecher der Selbsthilfe Eschede, Heinrich L\u00f6wen, sowie Bahnchef Richard Lutz erwartet.<\/p>\n<p class=\"MsoPlainText\">&nbsp;<\/p>\n<p class=\"MsoPlainText\">Am 3. Juni 1998 entgleiste der ICE 884 \u00abWilhelm Conrad R\u00f6ntgen\u00bb auf seiner Fahrt von M\u00fcnchen nach Hamburg bei Tempo 200 an einer Weiche am s\u00fcdlichen Ortsrand von Eschede in Niedersachsen. Bei dem schwersten Zugungl\u00fcck in der bundesdeutschen Geschichte starben 101 Menschen, mehr als 100 wurden verletzt.<\/p>\n<p>Kirche-Oldenburg<br \/>\n<a href=\"https:\/\/www.kirche-oldenburg.de\/\/aktuell\/news-niedersachsen\/artikel\/landesbischof-meister-gedenkt-der-opfer-des-zugungluecks-von-eschede\" target=\"_blank\" rel=\"noopener\">Landesbischof Meister gedenkt der Opfer des Zugungl\u00fccks von Eschede<\/a><\/p>\n","protected":false},"excerpt":{"rendered":"<p>Eschede\/Kr. Celle (epd). Der hannoversche Landesbischof Ralf Meister hat der Opfer des Zugungl\u00fccks von Eschede vor 25 Jahren gedacht. \u00abEs waren Tage, die ein ganzes Land in Schock versetzten\u00bb, sagte er am Donnerstag zum Jahrestag der Katastrophe am 3. Juni. Zugleich w\u00fcrdigte der Bischof den Einsatz von Notfallseelsorgerinnen und -seelsorgern am Unfallort. \u00abSie haben zugeh\u00f6rt, getr\u00f6stet, Halt gegeben. Daf\u00fcr geb\u00fchrt ihnen gro\u00dfer Dank und Respekt.\u00bb Meister nimmt am Sonnabend an der Gedenkfeier in Eschede teil. &nbsp; Das erste Entsetzen sei bald in eine Stimmung des Mitgef\u00fchls und der tiefen Trauer gem\u00fcndet, erinnerte sich der Landesbischof und wiederholte Worte aus einer&#8230;<\/p>\n","protected":false},"author":7,"featured_media":0,"comment_status":"false","ping_status":"open","sticky":false,"template":"","format":"standard","meta":{"footnotes":""},"categories":[43],"tags":[44],"class_list":["post-24250","post","type-post","status-publish","format-standard","hentry","category-kirche-oldenburg","tag-kirche-oldenburg"],"_links":{"self":[{"href":"https:\/\/christusnews.de\/site\/wp-json\/wp\/v2\/posts\/24250","targetHints":{"allow":["GET"]}}],"collection":[{"href":"https:\/\/christusnews.de\/site\/wp-json\/wp\/v2\/posts"}],"about":[{"href":"https:\/\/christusnews.de\/site\/wp-json\/wp\/v2\/types\/post"}],"author":[{"embeddable":true,"href":"https:\/\/christusnews.de\/site\/wp-json\/wp\/v2\/users\/7"}],"replies":[{"embeddable":true,"href":"https:\/\/christusnews.de\/site\/wp-json\/wp\/v2\/comments?post=24250"}],"version-history":[{"count":1,"href":"https:\/\/christusnews.de\/site\/wp-json\/wp\/v2\/posts\/24250\/revisions"}],"predecessor-version":[{"id":24251,"href":"https:\/\/christusnews.de\/site\/wp-json\/wp\/v2\/posts\/24250\/revisions\/24251"}],"wp:attachment":[{"href":"https:\/\/christusnews.de\/site\/wp-json\/wp\/v2\/media?parent=24250"}],"wp:term":[{"taxonomy":"category","embeddable":true,"href":"https:\/\/christusnews.de\/site\/wp-json\/wp\/v2\/categories?post=24250"},{"taxonomy":"post_tag","embeddable":true,"href":"https:\/\/christusnews.de\/site\/wp-json\/wp\/v2\/tags?post=24250"}],"curies":[{"name":"wp","href":"https:\/\/api.w.org\/{rel}","templated":true}]}}