{"id":24256,"date":"2023-06-05T23:00:00","date_gmt":"2023-06-05T21:00:00","guid":{"rendered":"https:\/\/christusnews.de\/site\/?p=24256"},"modified":"2023-06-04T22:44:25","modified_gmt":"2023-06-04T20:44:25","slug":"ein-kleiner-junge","status":"publish","type":"post","link":"https:\/\/christusnews.de\/site\/ein-kleiner-junge\/","title":{"rendered":"Ein kleiner Junge"},"content":{"rendered":"\n<p>Ganz aufgeregt ist er. Ein kleiner Junge, vielleicht vier, f\u00fcnf Jahre\u2026 Da steht er am Stra\u00dfenrand und schaut immer wieder gebannt auf den Boden. Seine Mutter steht neben ihm. Versucht, ihn zu beruhigen.&nbsp;<\/p>\n\n\n\n<p>Ich gehe vorbei \u2013 und versuche, einen Blick auf das zu werfen, was die Aufmerksamkeit des Jungen so fesselt. Beim Vorbeigehen sehe ich: Da w\u00e4chst eine Blume am Stra\u00dfenrand. Mitten im grau in grau der Stra\u00dfe hat sie sich durch den Asphalt gek\u00e4mpft. Noch nicht ganz erbl\u00fcht.<\/p>\n\n\n\n<p>\u201eMama, die Blume braucht Wasser!\u201c<\/p>\n\n\n\n<p>\u201cDie kann doch da nicht so alleine bleiben. Die braucht jemanden, der sich um sie k\u00fcmmert!\u201c \u2013 Ich bin vorbei \u2013 aber das Bild nehme ich mit.&nbsp;<\/p>\n\n\n\n<p>Als ich am Abend wieder an der Stelle vorbeikomme, bin ich gespannt: Die kleine Blume ist weg. Ob sie der Junge mitgenommen hat? Dann aber mit Wurzeln, Stiel und Stumpf. Nichts ist mehr da\u2026&nbsp;<\/p>\n\n\n\n<p>Und ich stelle mir vor, wie er sie vorsichtig ausgegraben hat, um sie zu Hause vielleicht in einen Blumentopf zu setzen. Eine so sch\u00f6ne Idee.&nbsp;<\/p>\n\n\n\n<p>Ich begreife: So oder so, der Junge hat mehr verstanden, als viele andere. &#8211; \u201eWer B\u00e4ume setzt, obwohl er wei\u00df, dass er nie in ihrem Schatten sitzen wird, hat zumindest angefangen, den Sinn des Lebens zu begreifen.<\/p>\n\n\n\n<p><\/p>\n\n\n\n<blockquote class=\"wp-block-quote is-layout-flow wp-block-quote-is-layout-flow\">\n<p><strong>Klaus Elfert<\/strong><\/p>\n\n\n\n<p id=\"block-fb80a6b2-cb5c-4986-8baf-0eaeeaa95669\">H<em>\u00f6ren Sie diesen Beitrag bei Radio Jade:<\/em><br><a rel=\"noreferrer noopener\" href=\"http:\/\/www.radio-jade.de\/mediathek\/angedacht\/\" target=\"_blank\"><em>Alle Beitr\u00e4ge im \u00dcberblick | RADIO JADE<\/em><\/a><\/p>\n<\/blockquote>\n","protected":false},"excerpt":{"rendered":"<p>Ganz aufgeregt ist er. Ein kleiner Junge, vielleicht vier, f\u00fcnf Jahre\u2026 Da steht er am Stra\u00dfenrand und schaut immer wieder gebannt auf den Boden. Seine Mutter steht neben ihm. Versucht, ihn zu beruhigen.&nbsp; Ich gehe vorbei \u2013 und versuche, einen Blick auf das zu werfen, was die Aufmerksamkeit des Jungen so fesselt. Beim Vorbeigehen sehe ich: Da w\u00e4chst eine Blume am Stra\u00dfenrand. Mitten im grau in grau der Stra\u00dfe hat sie sich durch den Asphalt gek\u00e4mpft. Noch nicht ganz erbl\u00fcht. \u201eMama, die Blume braucht Wasser!\u201c \u201cDie kann doch da nicht so alleine bleiben. Die braucht jemanden, der sich um sie&#8230;<\/p>\n","protected":false},"author":6,"featured_media":1171,"comment_status":"closed","ping_status":"open","sticky":false,"template":"","format":"standard","meta":{"footnotes":""},"categories":[5],"tags":[],"class_list":["post-24256","post","type-post","status-publish","format-standard","has-post-thumbnail","hentry","category-angedacht"],"_links":{"self":[{"href":"https:\/\/christusnews.de\/site\/wp-json\/wp\/v2\/posts\/24256","targetHints":{"allow":["GET"]}}],"collection":[{"href":"https:\/\/christusnews.de\/site\/wp-json\/wp\/v2\/posts"}],"about":[{"href":"https:\/\/christusnews.de\/site\/wp-json\/wp\/v2\/types\/post"}],"author":[{"embeddable":true,"href":"https:\/\/christusnews.de\/site\/wp-json\/wp\/v2\/users\/6"}],"replies":[{"embeddable":true,"href":"https:\/\/christusnews.de\/site\/wp-json\/wp\/v2\/comments?post=24256"}],"version-history":[{"count":1,"href":"https:\/\/christusnews.de\/site\/wp-json\/wp\/v2\/posts\/24256\/revisions"}],"predecessor-version":[{"id":24257,"href":"https:\/\/christusnews.de\/site\/wp-json\/wp\/v2\/posts\/24256\/revisions\/24257"}],"wp:featuredmedia":[{"embeddable":true,"href":"https:\/\/christusnews.de\/site\/wp-json\/wp\/v2\/media\/1171"}],"wp:attachment":[{"href":"https:\/\/christusnews.de\/site\/wp-json\/wp\/v2\/media?parent=24256"}],"wp:term":[{"taxonomy":"category","embeddable":true,"href":"https:\/\/christusnews.de\/site\/wp-json\/wp\/v2\/categories?post=24256"},{"taxonomy":"post_tag","embeddable":true,"href":"https:\/\/christusnews.de\/site\/wp-json\/wp\/v2\/tags?post=24256"}],"curies":[{"name":"wp","href":"https:\/\/api.w.org\/{rel}","templated":true}]}}