{"id":24262,"date":"2023-06-08T09:00:00","date_gmt":"2023-06-08T07:00:00","guid":{"rendered":"https:\/\/christusnews.de\/site\/?p=24262"},"modified":"2023-06-04T22:47:13","modified_gmt":"2023-06-04T20:47:13","slug":"gehoert-der-glaube-in-die-oeffentlichkeit","status":"publish","type":"post","link":"https:\/\/christusnews.de\/site\/gehoert-der-glaube-in-die-oeffentlichkeit\/","title":{"rendered":"Geh\u00f6rt der Glaube in die \u00d6ffentlichkeit?"},"content":{"rendered":"\n<p>Geh\u00f6rt der Glaube in die \u00d6ffentlichkeit? Normalerweise finden Gottesdienste bei uns ja eher hinter Kirchenmauern statt. In den letzten Jahren hat sich da aber einiges getan. Gottesdienste im Gr\u00fcnen und an den verschiedensten Orten. Und heute also die Fronleichnams-Prozessionen in vielen katholischen Gemeinden.<\/p>\n\n\n\n<p>Kein bisschen leise werden sie in D\u00f6rfern und St\u00e4dten unterwegs sein, auf der Stra\u00dfe christliche Lieder singen und aus der Bibel vorlesen. Und bei all dem werden sie gut sichtbar die Monstranz vor sich hertragen. So wollen sie Gott selbst in die Welt tragen.<\/p>\n\n\n\n<p>Ich finde es gut und wichtig, dass der christliche Glaube nicht nur in Kirchen und in den eigenen vier W\u00e4nden gelebt wird. Religion ist nicht nur Privatsache. Mein Glaube pr\u00e4gt mich. Er hat Auswirkungen darauf, dass und wie ich mich f\u00fcr diese Gesellschaft und f\u00fcr ein gutes Miteinander einsetze.<\/p>\n\n\n\n<p>In Deutschland ist es \u2013 Gott sei Dank \u2013 m\u00f6glich und auch erw\u00fcnscht, dass der Glaube sich \u00f6ffentlich zeigt. Die Religionsfreiheit geh\u00f6rt zu den Menschenrechten und damit ganz selbstverst\u00e4ndlich zur Demokratie.<\/p>\n\n\n\n<p>Ich nehme das oft selbstverst\u00e4ndlich, weil ich mit dieser Freiheit aufgewachsen bin. Und wenn heute die Fronleichnamsprozession stattfinden, freue ich mich dar\u00fcber, dass Menschen in Deutschland \u00f6ffentlich ihren Glauben zeigen k\u00f6nnen und d\u00fcrfen.<\/p>\n\n\n\n<p>Des Geschenkes bin ich mir schon bewusst.<\/p>\n\n\n\n<p><\/p>\n\n\n\n<blockquote class=\"wp-block-quote is-layout-flow wp-block-quote-is-layout-flow\">\n<p><strong>Klaus Elfert<\/strong><\/p>\n\n\n\n<p id=\"block-fb80a6b2-cb5c-4986-8baf-0eaeeaa95669\">H<em>\u00f6ren Sie diesen Beitrag bei Radio Jade:<\/em><br><a rel=\"noreferrer noopener\" href=\"http:\/\/www.radio-jade.de\/mediathek\/angedacht\/\" target=\"_blank\"><em>Alle Beitr\u00e4ge im \u00dcberblick | RADIO JADE<\/em><\/a><\/p>\n<\/blockquote>\n","protected":false},"excerpt":{"rendered":"<p>Geh\u00f6rt der Glaube in die \u00d6ffentlichkeit? Normalerweise finden Gottesdienste bei uns ja eher hinter Kirchenmauern statt. In den letzten Jahren hat sich da aber einiges getan. Gottesdienste im Gr\u00fcnen und an den verschiedensten Orten. Und heute also die Fronleichnams-Prozessionen in vielen katholischen Gemeinden. Kein bisschen leise werden sie in D\u00f6rfern und St\u00e4dten unterwegs sein, auf der Stra\u00dfe christliche Lieder singen und aus der Bibel vorlesen. Und bei all dem werden sie gut sichtbar die Monstranz vor sich hertragen. So wollen sie Gott selbst in die Welt tragen. Ich finde es gut und wichtig, dass der christliche Glaube nicht nur in&#8230;<\/p>\n","protected":false},"author":6,"featured_media":1171,"comment_status":"closed","ping_status":"open","sticky":false,"template":"","format":"standard","meta":{"footnotes":""},"categories":[5],"tags":[],"class_list":["post-24262","post","type-post","status-publish","format-standard","has-post-thumbnail","hentry","category-angedacht"],"_links":{"self":[{"href":"https:\/\/christusnews.de\/site\/wp-json\/wp\/v2\/posts\/24262","targetHints":{"allow":["GET"]}}],"collection":[{"href":"https:\/\/christusnews.de\/site\/wp-json\/wp\/v2\/posts"}],"about":[{"href":"https:\/\/christusnews.de\/site\/wp-json\/wp\/v2\/types\/post"}],"author":[{"embeddable":true,"href":"https:\/\/christusnews.de\/site\/wp-json\/wp\/v2\/users\/6"}],"replies":[{"embeddable":true,"href":"https:\/\/christusnews.de\/site\/wp-json\/wp\/v2\/comments?post=24262"}],"version-history":[{"count":1,"href":"https:\/\/christusnews.de\/site\/wp-json\/wp\/v2\/posts\/24262\/revisions"}],"predecessor-version":[{"id":24263,"href":"https:\/\/christusnews.de\/site\/wp-json\/wp\/v2\/posts\/24262\/revisions\/24263"}],"wp:featuredmedia":[{"embeddable":true,"href":"https:\/\/christusnews.de\/site\/wp-json\/wp\/v2\/media\/1171"}],"wp:attachment":[{"href":"https:\/\/christusnews.de\/site\/wp-json\/wp\/v2\/media?parent=24262"}],"wp:term":[{"taxonomy":"category","embeddable":true,"href":"https:\/\/christusnews.de\/site\/wp-json\/wp\/v2\/categories?post=24262"},{"taxonomy":"post_tag","embeddable":true,"href":"https:\/\/christusnews.de\/site\/wp-json\/wp\/v2\/tags?post=24262"}],"curies":[{"name":"wp","href":"https:\/\/api.w.org\/{rel}","templated":true}]}}