{"id":24266,"date":"2023-06-04T14:34:36","date_gmt":"2023-06-04T12:34:36","guid":{"rendered":"https:\/\/christusnews.de\/site\/mehr-gott-wagen\/"},"modified":"2023-06-04T23:18:27","modified_gmt":"2023-06-04T21:18:27","slug":"mehr-gott-wagen","status":"publish","type":"post","link":"https:\/\/christusnews.de\/site\/mehr-gott-wagen\/","title":{"rendered":"Mehr Gott wagen"},"content":{"rendered":"<p>Bei strahlendem Sonnenschein kamen am Samstag, den 3. Juni, die 60 Vertreterinnen und Vertreter aus den zehn ev.-luth. Ammerlandgemeinden zur 9. Tagung ihres Kirchenparlaments in Rastede zusammen. Die Synode begann mit einem bewegenden Gottesdienst in der St.-Ulrichs-Kirche. Kreispfarrer Lars Dede, Pastorin Daniela Ludewig-G\u00f6ckler und Pastorin Wiebke Perzul sowie die Synodalen Petra Janssen-Friedrich und Anke Helm-Brandau gaben hierin gemeinsam mit dem Leitenden Kreisjugenddiakon Johannes Maczewski den Synodalen mutmachende Gedanken zum Thema: \u201eGemeinsam im Glauben wachsen\u201c mit auf den Weg. Musikalisch wurde der Gottesdienst von der Rasteder Gruppe \u201eAspalatus C\u201c sowie Kreiskantor Hartmut Fiedrich an der Orgel begleitet.<br \/>\n&nbsp; &nbsp;<br \/>\nDer Gottesdienst markierte zugleich den Beginn der Visitation des Ev.-luth. Kirchenkreises Ammerland. Das zw\u00f6lfk\u00f6pfige Visitationsteam unter der Leitung von Pfarrer Dr. Stefan Welz wird in den kommenden Wochen gut 20 Veranstaltungen zu den beiden Themenschwerpunkten \u201eArbeit mit Kindern und Jugendlichen\u201c und \u201eEntwicklungsr\u00e4ume\u201c besuchen.&nbsp;<br \/>\n&nbsp; &nbsp;<br \/>\nIn seinem Gru\u00dfwort dankte Bischof Thomas Adomeit dem Kirchenkreis f\u00fcr die Bereitschaft, sich visitieren zu lassen. In herausfordernden Zeiten wie diesen sei es wichtig, sich im gemeinsamen H\u00f6ren und Reden zu vergewissern, was tr\u00e4gt. In den kommenden Wochen gelte es, sich gemeinsam am Gelingenden zu freuen, und zusammen zu entdecken, welche weiteren Ziele noch erreicht werden k\u00f6nnen.<br \/>\n&nbsp; &nbsp;<br \/>\nIm Mittelpunkt der Tagung stand der Vortrag von Pfarrer Hans-Hermann Pompe aus Stuttgart. Unter dem Thema \u201eMehr Gott wagen\u201c stellte er in vier Schritten dar, wie wichtig es f\u00fcr die Kirche ist, die eigene Stimme in die Gesellschaft einzubringen. In einer Zeit, in der Gesamterkl\u00e4rungen immer weniger gelingen, werden die pers\u00f6nlichen Geschichten umso wichtiger, so Pompe. Offenheit f\u00fcr die Fragen der Zeit und eine klare pers\u00f6nliche Positionierung bedingen einander.<br \/>\nIn Arbeitsgruppen zu thematischen Schwerpunkten entwickelten die Kreissynodalen Ideen f\u00fcr eine einladende und auf die Menschen zugehende Kirche, die die Bed\u00fcrfnisse der Menschen ernst nimmt.<br \/>\n&nbsp; &nbsp;<br \/>\nAm Nachmittag stand der Bericht des Kreispfarrers im Mittelpunkt. Hierin benannte er u.a. als wesentliche Herausforderungen der praktischen Arbeit, dem sich abzeichnenden Fachkr\u00e4ftemangel zu begegnen. Zudem betonte der Kreispfarrer, dass zur Erreichung der Klimaziele die kirchlichen Geb\u00e4ude in den Blick zu nehmen sind. Hier besteht gerade bei den Gemeindeh\u00e4usern ein erheblicher Sanierungsbedarf. Bei den Werken und Einrichtungen sieht Dede den Kirchenkreis auf einem guten Weg. Das Diakonische Werk habe seinen Einsatz f\u00fcr die Menschen vor dem Hintergrund der Energiekrise im letzten Jahr noch einmal deutlich verst\u00e4rkt. Hannah Testa hat hier f\u00fcr die in Elternzeit befindliche Leiterin Katharina Kroll die kommissarische Leitung \u00fcbernommen. Im Ev. Bildungswerk st\u00f6\u00dft die Veranstaltungsreihe zu Themen der christlichen Spiritualit\u00e4t, die z.Zt. unter dem Motto \u201eChristliche Lebenskunst\u201c stattfindet, auf gro\u00dfe Resonanz. Der Kreispfarrer schloss seinen Bericht mit einer Danksagung an alle, die sich f\u00fcr ihre Kirche stark machten \u2013 ob ehren-, neben- oder hauptamtlich.<br \/>\n&nbsp; &nbsp;<br \/>\nIm weiteren Verlauf w\u00e4hlte die Synode Pfarrerin Luisa B\u00f6hmen (Apen\/Augustfehn) als theologisches Ersatzmitglied f\u00fcr die 49. Synode der Ev.-Luth. Kirche in Oldenburg. Wiebke Perzul (Elisabethfehn) wurde als Kreisdiakoniepfarrerin neu gew\u00e4hlt. Sabine Efferts aus Rastede w\u00e4hlte die Kreissynode in den Kirchenmusikausschuss und Sarah Kruse aus Westerstede wurde als stellvertretendes Mitglied in den Kreiskirchenrat entsandt. Au\u00dferdem beschloss die Synode eine neue \u201eRichtlinie Orgelunterricht\u201c.<\/p>\n<p>Kirche-Oldenburg<br \/>\n<a href=\"https:\/\/www.kirche-oldenburg.de\/\/aktuell\/aus-den-kirchenkreisen\/artikel\/mehr-gott-wagen\" target=\"_blank\" rel=\"noopener\">Mehr Gott wagen<\/a><\/p>\n","protected":false},"excerpt":{"rendered":"<p>Bei strahlendem Sonnenschein kamen am Samstag, den 3. Juni, die 60 Vertreterinnen und Vertreter aus den zehn ev.-luth. Ammerlandgemeinden zur 9. Tagung ihres Kirchenparlaments in Rastede zusammen. Die Synode begann mit einem bewegenden Gottesdienst in der St.-Ulrichs-Kirche. Kreispfarrer Lars Dede, Pastorin Daniela Ludewig-G\u00f6ckler und Pastorin Wiebke Perzul sowie die Synodalen Petra Janssen-Friedrich und Anke Helm-Brandau gaben hierin gemeinsam mit dem Leitenden Kreisjugenddiakon Johannes Maczewski den Synodalen mutmachende Gedanken zum Thema: \u201eGemeinsam im Glauben wachsen\u201c mit auf den Weg. Musikalisch wurde der Gottesdienst von der Rasteder Gruppe \u201eAspalatus C\u201c sowie Kreiskantor Hartmut Fiedrich an der Orgel begleitet. &nbsp; &nbsp; Der Gottesdienst&#8230;<\/p>\n","protected":false},"author":7,"featured_media":0,"comment_status":"false","ping_status":"open","sticky":false,"template":"","format":"standard","meta":{"footnotes":""},"categories":[43],"tags":[44],"class_list":["post-24266","post","type-post","status-publish","format-standard","hentry","category-kirche-oldenburg","tag-kirche-oldenburg"],"_links":{"self":[{"href":"https:\/\/christusnews.de\/site\/wp-json\/wp\/v2\/posts\/24266","targetHints":{"allow":["GET"]}}],"collection":[{"href":"https:\/\/christusnews.de\/site\/wp-json\/wp\/v2\/posts"}],"about":[{"href":"https:\/\/christusnews.de\/site\/wp-json\/wp\/v2\/types\/post"}],"author":[{"embeddable":true,"href":"https:\/\/christusnews.de\/site\/wp-json\/wp\/v2\/users\/7"}],"replies":[{"embeddable":true,"href":"https:\/\/christusnews.de\/site\/wp-json\/wp\/v2\/comments?post=24266"}],"version-history":[{"count":1,"href":"https:\/\/christusnews.de\/site\/wp-json\/wp\/v2\/posts\/24266\/revisions"}],"predecessor-version":[{"id":24267,"href":"https:\/\/christusnews.de\/site\/wp-json\/wp\/v2\/posts\/24266\/revisions\/24267"}],"wp:attachment":[{"href":"https:\/\/christusnews.de\/site\/wp-json\/wp\/v2\/media?parent=24266"}],"wp:term":[{"taxonomy":"category","embeddable":true,"href":"https:\/\/christusnews.de\/site\/wp-json\/wp\/v2\/categories?post=24266"},{"taxonomy":"post_tag","embeddable":true,"href":"https:\/\/christusnews.de\/site\/wp-json\/wp\/v2\/tags?post=24266"}],"curies":[{"name":"wp","href":"https:\/\/api.w.org\/{rel}","templated":true}]}}