{"id":24268,"date":"2023-06-04T12:48:00","date_gmt":"2023-06-04T10:48:00","guid":{"rendered":"https:\/\/christusnews.de\/site\/osnabruecker-bischof-bode-offiziell-verabschiedet-bischof-spricht-schulbekenntnis-und-bittet-um-vergebung-fuer-fehler\/"},"modified":"2023-06-05T23:17:23","modified_gmt":"2023-06-05T21:17:23","slug":"osnabruecker-bischof-bode-offiziell-verabschiedet-bischof-spricht-schulbekenntnis-und-bittet-um-vergebung-fuer-fehler","status":"publish","type":"post","link":"https:\/\/christusnews.de\/site\/osnabruecker-bischof-bode-offiziell-verabschiedet-bischof-spricht-schulbekenntnis-und-bittet-um-vergebung-fuer-fehler\/","title":{"rendered":"Osnabr\u00fccker Bischof Bode offiziell verabschiedet &#8211; Bischof spricht Schulbekenntnis und bittet um Vergebung f\u00fcr Fehler"},"content":{"rendered":"<p class=\"MsoPlainText\">Osnabr\u00fcck (epd). Der im M\u00e4rz zur\u00fcckgetretene katholische Bischof Franz-Josef Bode aus Osnabr\u00fcck ist am Sonntag mit einem Gottesdienst im Dom St. Petrus offiziell aus seinem Amt verabschiedet worden. Bode hatte mit seinem R\u00fccktritt unter anderem die Konsequenzen aus Vorw\u00fcrfen gegen ihn im Missbrauchsskandal der katholischen Kirche gezogen. Der 72-J\u00e4hrige nannte als einen Grund den im September ver\u00f6ffentlichten Zwischenbericht zur Aufarbeitung sexualisierter Gewalt im Bistum. Redner w\u00fcrdigten aber auch die Verdienste des Bischofs, der als Reformer galt.<\/p>\n<p class=\"MsoPlainText\">&nbsp;<\/p>\n<p class=\"MsoPlainText\">Zum Auftakt des Gottesdienstes griff Bode noch einmal auf, was ihn zum R\u00fccktritt bewogen hatte: Der Vorwurf der Pflichtverletzungen im Umgang mit sexualisierter Gewalt, Irritationen in der Mitarbeiterschaft und den Gemeinden. Bode sprach das Schuldbekenntnis vor Gott auf eigene Bitte allein und ohne Begleitung der Gemeinde. \u00abIch m\u00f6chte nicht in ein anonymes Wir fl\u00fcchten.\u00bb<\/p>\n<p class=\"MsoPlainText\">&nbsp;<\/p>\n<p class=\"MsoPlainText\">In seiner Predigt blickte Bode auf seine 27-j\u00e4hrige Amtszeit als Di\u00f6zesanbischof zur\u00fcck und bat um Vergebung f\u00fcr alle \u00abFehler, Pflichtverletzungen, Nachl\u00e4ssigkeiten, Unentschiedenheiten und blinden Flecken\u00bb, die Menschen geschadet und sie verletzt h\u00e4tten. \u00abBesonders im Blick auf sexualisierte Gewalt habe ich mich leider mehr den T\u00e4tern als den Betroffenen zugewandt.\u00bb<\/p>\n<p class=\"MsoPlainText\">&nbsp;<\/p>\n<p class=\"MsoPlainText\">Gegen alle scheinbar einfache L\u00f6sungen habe er immer versucht, den Idealen von Glauben, Hoffen und Lieben zu entsprechen. \u00abDass mir das nur bruchst\u00fcckhaft und unvollkommen gelungen ist, ist ein gro\u00dfer Schatten \u00fcber meinem Weg\u00bb, sagte der Bischof. Trotz aller offenkundigen Fehler sei er dennoch dankbar f\u00fcr seine Jahre im Bischofsamt.<\/p>\n<p class=\"MsoPlainText\">&nbsp;<\/p>\n<p class=\"MsoPlainText\">Bode z\u00e4hlte zum Pr\u00e4sidium des Reformprozesses \u00abSynodaler Weg\u00bb. Noch kurz vor seinem R\u00fccktritt hatte er die M\u00f6glichkeit von Segensfeiern f\u00fcr homosexuelle oder wiederverheiratete Paare im Bistum auf den Weg gebracht. Das Ringen um Entscheidungen im Synodalen Weg, auch angefochten und entt\u00e4uscht von den r\u00f6mischen Reaktionen, nannte er als Belastungen, die wie auch seine Gesundheit zu seinem R\u00fccktritt beigetragen h\u00e4tten.<\/p>\n<p class=\"MsoPlainText\">&nbsp;<\/p>\n<p class=\"MsoPlainText\">Der Vorsitzende der Deutschen Bischofskonferenz, Bischof Georg B\u00e4tzing, w\u00fcrdigte Bode als \u00abeinen eindrucksvollen Priester, Theologen und Bischof\u00bb. Es sei ihm gelungen, \u00e4ngstliche Enge in der Kirche zu \u00fcberwinden, den richtigen Ton und eine verst\u00e4ndliche Sprache zu finden, die viele Menschen angesprochen habe. Zu seinen St\u00e4rken z\u00e4hle auch, dass er \u00fcber Fehler im Umgang mit sexualisierter Gewalt offen und selbstkritisch gesprochen habe. \u00abEs war ein Ringen in ihm, eine innere Zerrissenheit und eben auch eingestandenes Unverm\u00f6gen, der bisch\u00f6flichen Pflicht im Ganzen nachgekommen zu sein.\u00bb<\/p>\n<p class=\"MsoPlainText\">&nbsp;<\/p>\n<p class=\"MsoPlainText\">Der hannoversche evangelische Landesbischof Ralf Meister sagte, er habe Bode als einen Menschen kennengelernt, der Spaltungen \u00fcberwinden wolle. \u00abSowohl innerhalb seiner Kirche als auch im \u00f6kumenischen Miteinander\u00bb, f\u00fcgte er laut Manuskript in seinem Gru\u00dfwort an. Im \u00f6kumenischen Dialog brauche es eine ehrliche Sprache. \u00abFranz-Josef Bode ist f\u00fcr mich ein \u00f6kumenischer Freund, weil er diese Ehrlichkeit fand.\u00bb<\/p>\n<p class=\"MsoPlainText\">&nbsp;<\/p>\n<p class=\"MsoPlainText\">Seit 2017 war Bode auch stellvertretender Vorsitzender der Deutschen Bischofskonferenz. Mit seinem R\u00fccktritt endete die Amtszeit des dienst\u00e4ltesten amtierenden Bischofs in Deutschland. Bode wurde 1991 zun\u00e4chst Weihbischof im Erzbistum Paderborn. Seit 1995 leitete er das Bistum Osnabr\u00fcck, das sich von der Nordseek\u00fcste \u00fcber Ostfriesland, das Emsland und das Osnabr\u00fccker Land bis nach Bremen erstreckt. In dem Gebiet leben rund 532.000 katholische Christen.<\/p>\n<p class=\"MsoPlainText\">&nbsp;<\/p>\n<p class=\"MsoPlainText\">Papst Franziskus hatte Bodes R\u00fccktrittsgesuch zum 25. M\u00e4rz angenommen. Seitdem leitet Weihbischof Johannes W\u00fcbbe als Di\u00f6zesanadministrator das Bistum.<\/p>\n<p>Kirche-Oldenburg<br \/>\n<a href=\"https:\/\/www.kirche-oldenburg.de\/\/aktuell\/news-niedersachsen\/artikel\/osnabruecker-bischof-bode-offiziell-verabschiedet-bischof-spricht-schulbekenntnis-und-bittet-um-vergebung-fuer-fehler\" target=\"_blank\" rel=\"noopener\">Osnabr\u00fccker Bischof Bode offiziell verabschiedet &#8211; Bischof spricht Schulbekenntnis und bittet um Vergebung f\u00fcr Fehler<\/a><\/p>\n","protected":false},"excerpt":{"rendered":"<p>Osnabr\u00fcck (epd). Der im M\u00e4rz zur\u00fcckgetretene katholische Bischof Franz-Josef Bode aus Osnabr\u00fcck ist am Sonntag mit einem Gottesdienst im Dom St. Petrus offiziell aus seinem Amt verabschiedet worden. Bode hatte mit seinem R\u00fccktritt unter anderem die Konsequenzen aus Vorw\u00fcrfen gegen ihn im Missbrauchsskandal der katholischen Kirche gezogen. Der 72-J\u00e4hrige nannte als einen Grund den im September ver\u00f6ffentlichten Zwischenbericht zur Aufarbeitung sexualisierter Gewalt im Bistum. Redner w\u00fcrdigten aber auch die Verdienste des Bischofs, der als Reformer galt. &nbsp; Zum Auftakt des Gottesdienstes griff Bode noch einmal auf, was ihn zum R\u00fccktritt bewogen hatte: Der Vorwurf der Pflichtverletzungen im Umgang mit sexualisierter&#8230;<\/p>\n","protected":false},"author":7,"featured_media":0,"comment_status":"false","ping_status":"open","sticky":false,"template":"","format":"standard","meta":{"footnotes":""},"categories":[43],"tags":[44],"class_list":["post-24268","post","type-post","status-publish","format-standard","hentry","category-kirche-oldenburg","tag-kirche-oldenburg"],"_links":{"self":[{"href":"https:\/\/christusnews.de\/site\/wp-json\/wp\/v2\/posts\/24268","targetHints":{"allow":["GET"]}}],"collection":[{"href":"https:\/\/christusnews.de\/site\/wp-json\/wp\/v2\/posts"}],"about":[{"href":"https:\/\/christusnews.de\/site\/wp-json\/wp\/v2\/types\/post"}],"author":[{"embeddable":true,"href":"https:\/\/christusnews.de\/site\/wp-json\/wp\/v2\/users\/7"}],"replies":[{"embeddable":true,"href":"https:\/\/christusnews.de\/site\/wp-json\/wp\/v2\/comments?post=24268"}],"version-history":[{"count":1,"href":"https:\/\/christusnews.de\/site\/wp-json\/wp\/v2\/posts\/24268\/revisions"}],"predecessor-version":[{"id":24269,"href":"https:\/\/christusnews.de\/site\/wp-json\/wp\/v2\/posts\/24268\/revisions\/24269"}],"wp:attachment":[{"href":"https:\/\/christusnews.de\/site\/wp-json\/wp\/v2\/media?parent=24268"}],"wp:term":[{"taxonomy":"category","embeddable":true,"href":"https:\/\/christusnews.de\/site\/wp-json\/wp\/v2\/categories?post=24268"},{"taxonomy":"post_tag","embeddable":true,"href":"https:\/\/christusnews.de\/site\/wp-json\/wp\/v2\/tags?post=24268"}],"curies":[{"name":"wp","href":"https:\/\/api.w.org\/{rel}","templated":true}]}}