{"id":24272,"date":"2023-06-03T12:44:00","date_gmt":"2023-06-03T10:44:00","guid":{"rendered":"https:\/\/christusnews.de\/site\/tag-der-organspende-wuerdigt-spender-und-wirbt-fuer-mehr-organspenden-barmer-bereitschaft-zu-organspenden-in-deutschland-leicht-gestiegen\/"},"modified":"2023-06-05T23:17:23","modified_gmt":"2023-06-05T21:17:23","slug":"tag-der-organspende-wuerdigt-spender-und-wirbt-fuer-mehr-organspenden-barmer-bereitschaft-zu-organspenden-in-deutschland-leicht-gestiegen","status":"publish","type":"post","link":"https:\/\/christusnews.de\/site\/tag-der-organspende-wuerdigt-spender-und-wirbt-fuer-mehr-organspenden-barmer-bereitschaft-zu-organspenden-in-deutschland-leicht-gestiegen\/","title":{"rendered":"\u00abTag der Organspende\u00bb w\u00fcrdigt Spender und wirbt f\u00fcr mehr Organspenden  &#8211; Barmer: Bereitschaft zu Organspenden in Deutschland leicht gestiegen"},"content":{"rendered":"<p class=\"MsoPlainText\">D\u00fcsseldorf (epd). Am \u00abTag der Organspende\u00bb haben Bundesgesundheitsminister Karl Lauterbach (SPD) und NRW-Gesundheitsminister Karl-Josef Laumann (CDU) am Samstag in D\u00fcsseldorf Organspender gew\u00fcrdigt. Zugleich wurde zu mehr Organspenden aufgerufen. Laut der Krankenkasse Barmer ist zwar die Bereitschaft zu Organspenden in Deutschland leicht gestiegen, die Zahl der Organspendenausweise jedoch etwa gleichgeblieben.<\/p>\n<p class=\"MsoPlainText\">&nbsp;<\/p>\n<p class=\"MsoPlainText\">Der Aktionstag, der von Lauterbach und Laumann auf dem D\u00fcsseldorfer Schadowplatz er\u00f6ffnet wurde, solle ein Tag des Dankes gegen\u00fcber den Organspenderinnen und Organspendern und ihren Angeh\u00f6rigen sein, hie\u00df es. Angesichts r\u00fcckl\u00e4ufiger Organspendenzahlen im vergangenen Jahr hatte zuvor Lauterbach dazu aufgerufen, den Tag der Organspende zu nutzen, um sich zu informieren, eine pers\u00f6nliche Entscheidung zu treffen und diese zu dokumentieren. Der \u00abTag der Organspende\u00bb steht in diesem Jahr unter dem Motto \u00abZeit, Zeichen zu setzen\u00bb. Er findet zum 41. Mal statt.<\/p>\n<p class=\"MsoPlainText\">&nbsp;<\/p>\n<p class=\"MsoPlainText\">Bei der Aktion \u00abGeschenkte Lebensjahre\u00bb mit Transplantierten kamen 607 Jahre zusammen, wie die Deutsche Stiftung Organtransplantation auf Twitter erkl\u00e4rte. Bei der Aktion pr\u00e4sentieren die teilnehmenden Transplantierten in D\u00fcsseldorf Plakate mit der Anzahl der Lebensjahre, die ihnen durch eine Transplantation zus\u00e4tzlich geschenkt wurden. Schirmherr ist der Bundesgesundheitsminister.<\/p>\n<p class=\"MsoPlainText\">&nbsp;<\/p>\n<p class=\"MsoPlainText\">Auch bei einem \u00f6kumenischen Gottesdienst zum Auftakt des Aktionstages stand die Organspende im Mittelpunkt. Organspender seien Lebensretter, sagte der katholische Klinikseelsorger Klaus Sch\u00e4fer laut Redetext in der katholischen Kirche St. Lambertus. Wenn mit dem Hirntod das eigene Leben zu Ende sei, mache es Sinn, mit einem \u00abJa\u00bb zur Organspende den Organpatienten neues Leben zu schenken.<\/p>\n<p class=\"MsoPlainText\">&nbsp;<\/p>\n<p class=\"MsoPlainText\">Die Deutsche Stiftung Patientenschutz mahnte unterdessen Bund, L\u00e4nder und Kommunen, das Gesetz zur St\u00e4rkung der Entscheidungsbereitschaft bei der Organspende unverz\u00fcglich umzusetzen. \u00abDas schon jahrelang andauernde Politikversagen bei der Organspende muss jetzt ein Ende haben\u00bb, sagte Stiftungsvorstand Eugen Brysch dem Evangelischen Pressedienst (epd). Die beschlossenen Instrumente m\u00fcssten endlich den Menschen fl\u00e4chendeckend zur Verf\u00fcgung stehen und funktionieren. Bis heute gebe es weder ein zentrales Onlineregister noch funktioniere die Einholung der Willenserkl\u00e4rungen bei den B\u00fcrger\u00e4mtern.<\/p>\n<p class=\"MsoPlainText\">&nbsp;<\/p>\n<p class=\"MsoPlainText\">Es habe gute Gr\u00fcnde gegeben, dass die Widerspruchsl\u00f6sung von der Mehrheit des Bundestages bereits abgelehnt worden sei, sagte Brysch weiter. Bei der Widerspruchsl\u00f6sung wird jeder potenzieller Organspender, solange er nicht widerspricht.<\/p>\n<p class=\"MsoPlainText\">&nbsp;<\/p>\n<p class=\"MsoPlainText\">Laut einer Versichertenbefragung der Krankenkasse Barmer ist die Zahl der Menschen, die zu einer Organspende bereit sind, leicht gestiegen. Demnach liegt der Anteil der Menschen, die \u00abbestimmt\u00bb zu einer Organspende nach ihrem Tod bereit w\u00e4ren, bei 39 Prozent. 2022 erkl\u00e4rten nur 34 Prozent ihre volle Zustimmung. An der Befragung, die dem Evangelischen Pressedienst (epd) vorliegt, beteiligten sich rund 1.000 Versicherte im Alter von 16 bis 64 Jahren. Kaum gewachsen ist laut der Umfrage der Anteil der Versicherten mit einem Organspendeausweis.<\/p>\n<p>Kirche-Oldenburg<br \/>\n<a href=\"https:\/\/www.kirche-oldenburg.de\/\/aktuell\/news-niedersachsen\/artikel\/tag-der-organspende-wuerdigt-spender-und-wirbt-fuer-mehr-organspenden-barmer-bereitschaft-zu-organspenden-in-deutschland-leicht-gestiegen\" target=\"_blank\" rel=\"noopener\">\u00abTag der Organspende\u00bb w\u00fcrdigt Spender und wirbt f\u00fcr mehr Organspenden  &#8211; Barmer: Bereitschaft zu Organspenden in Deutschland leicht gestiegen<\/a><\/p>\n","protected":false},"excerpt":{"rendered":"<p>D\u00fcsseldorf (epd). Am \u00abTag der Organspende\u00bb haben Bundesgesundheitsminister Karl Lauterbach (SPD) und NRW-Gesundheitsminister Karl-Josef Laumann (CDU) am Samstag in D\u00fcsseldorf Organspender gew\u00fcrdigt. Zugleich wurde zu mehr Organspenden aufgerufen. Laut der Krankenkasse Barmer ist zwar die Bereitschaft zu Organspenden in Deutschland leicht gestiegen, die Zahl der Organspendenausweise jedoch etwa gleichgeblieben. &nbsp; Der Aktionstag, der von Lauterbach und Laumann auf dem D\u00fcsseldorfer Schadowplatz er\u00f6ffnet wurde, solle ein Tag des Dankes gegen\u00fcber den Organspenderinnen und Organspendern und ihren Angeh\u00f6rigen sein, hie\u00df es. Angesichts r\u00fcckl\u00e4ufiger Organspendenzahlen im vergangenen Jahr hatte zuvor Lauterbach dazu aufgerufen, den Tag der Organspende zu nutzen, um sich zu informieren,&#8230;<\/p>\n","protected":false},"author":7,"featured_media":0,"comment_status":"false","ping_status":"open","sticky":false,"template":"","format":"standard","meta":{"footnotes":""},"categories":[43],"tags":[44],"class_list":["post-24272","post","type-post","status-publish","format-standard","hentry","category-kirche-oldenburg","tag-kirche-oldenburg"],"_links":{"self":[{"href":"https:\/\/christusnews.de\/site\/wp-json\/wp\/v2\/posts\/24272","targetHints":{"allow":["GET"]}}],"collection":[{"href":"https:\/\/christusnews.de\/site\/wp-json\/wp\/v2\/posts"}],"about":[{"href":"https:\/\/christusnews.de\/site\/wp-json\/wp\/v2\/types\/post"}],"author":[{"embeddable":true,"href":"https:\/\/christusnews.de\/site\/wp-json\/wp\/v2\/users\/7"}],"replies":[{"embeddable":true,"href":"https:\/\/christusnews.de\/site\/wp-json\/wp\/v2\/comments?post=24272"}],"version-history":[{"count":1,"href":"https:\/\/christusnews.de\/site\/wp-json\/wp\/v2\/posts\/24272\/revisions"}],"predecessor-version":[{"id":24273,"href":"https:\/\/christusnews.de\/site\/wp-json\/wp\/v2\/posts\/24272\/revisions\/24273"}],"wp:attachment":[{"href":"https:\/\/christusnews.de\/site\/wp-json\/wp\/v2\/media?parent=24272"}],"wp:term":[{"taxonomy":"category","embeddable":true,"href":"https:\/\/christusnews.de\/site\/wp-json\/wp\/v2\/categories?post=24272"},{"taxonomy":"post_tag","embeddable":true,"href":"https:\/\/christusnews.de\/site\/wp-json\/wp\/v2\/tags?post=24272"}],"curies":[{"name":"wp","href":"https:\/\/api.w.org\/{rel}","templated":true}]}}