{"id":24274,"date":"2023-06-02T12:39:00","date_gmt":"2023-06-02T10:39:00","guid":{"rendered":"https:\/\/christusnews.de\/site\/niedersachsens-buchhandlung-des-jahres-ist-in-wardenburg\/"},"modified":"2023-06-05T23:17:24","modified_gmt":"2023-06-05T21:17:24","slug":"niedersachsens-buchhandlung-des-jahres-ist-in-wardenburg","status":"publish","type":"post","link":"https:\/\/christusnews.de\/site\/niedersachsens-buchhandlung-des-jahres-ist-in-wardenburg\/","title":{"rendered":"Niedersachsens Buchhandlung des Jahres\u00bb ist in Wardenburg"},"content":{"rendered":"<p class=\"MsoPlainText\">Hannover\/Wardenburg (epd). Die Hofbuchhandlung Kathrin Wellmann in Wardenburg bei Oldenburg ist zur Nieders\u00e4chsischen Buchhandlung des Jahres gek\u00fcrt worden. \u00abKathrin Wellmann hat mit der Hofbuchhandlung einen zentralen Kulturort f\u00fcr Wardenburg und die Region Oldenburg geschaffen\u00bb, sagte Niedersachsens Kulturminister Falko Mohrs (SPD) am Freitag in Hannover. Die Buchhandlung in einem fr\u00fcheren Stall lade dazu ein, sich nicht nur mit Literatur auseinanderzusetzen, sondern sie gemeinsam zu erleben. Der mit 5.000 Euro dotierte Preis wird am 4. Juli in Wardenburg \u00fcberreicht.<\/p>\n<p class=\"MsoPlainText\">&nbsp;<\/p>\n<p class=\"MsoPlainText\">Mit ihren vielf\u00e4ltigen Angeboten setzten sich viele Buchhandlungen f\u00fcr die Lesef\u00f6rderung und Literaturvermittlung ein, hie\u00df es. In Anerkennung dieses Engagements ehrt das Kulturministerium in Zusammenarbeit mit dem Landesverband Nord des B\u00f6rsenvereins des Deutschen Buchhandels jedes Jahr eine Buchhandlung, die sich auf herausragende Weise um die Lesef\u00f6rderung und Literaturvermittlung verdient gemacht hat.<\/p>\n<p class=\"MsoPlainText\">&nbsp;<\/p>\n<p class=\"MsoPlainText\">Das kreative Engagement der Hofbuchhandlung erm\u00f6gliche insbesondere Kindern und Jugendlichen kulturelle Teilhabe, lobte der Minister. Branka Felba vom B\u00f6rsenverein des Deutschen Buchhandels f\u00fcgte hinzu: Die Wellmanns h\u00e4tten jenseits der Metropolen eine B\u00fccherwelt erschaffen, die Leselust und kulturelle Neugier wecke.<\/p>\n<p>Kirche-Oldenburg<br \/>\n<a href=\"https:\/\/www.kirche-oldenburg.de\/\/aktuell\/news-niedersachsen\/artikel\/niedersachsens-buchhandlung-des-jahres-ist-in-wardenburg\" target=\"_blank\" rel=\"noopener\">Niedersachsens Buchhandlung des Jahres\u00bb ist in Wardenburg<\/a><\/p>\n","protected":false},"excerpt":{"rendered":"<p>Hannover\/Wardenburg (epd). Die Hofbuchhandlung Kathrin Wellmann in Wardenburg bei Oldenburg ist zur Nieders\u00e4chsischen Buchhandlung des Jahres gek\u00fcrt worden. \u00abKathrin Wellmann hat mit der Hofbuchhandlung einen zentralen Kulturort f\u00fcr Wardenburg und die Region Oldenburg geschaffen\u00bb, sagte Niedersachsens Kulturminister Falko Mohrs (SPD) am Freitag in Hannover. Die Buchhandlung in einem fr\u00fcheren Stall lade dazu ein, sich nicht nur mit Literatur auseinanderzusetzen, sondern sie gemeinsam zu erleben. Der mit 5.000 Euro dotierte Preis wird am 4. Juli in Wardenburg \u00fcberreicht. &nbsp; Mit ihren vielf\u00e4ltigen Angeboten setzten sich viele Buchhandlungen f\u00fcr die Lesef\u00f6rderung und Literaturvermittlung ein, hie\u00df es. In Anerkennung dieses Engagements ehrt das&#8230;<\/p>\n","protected":false},"author":7,"featured_media":0,"comment_status":"false","ping_status":"open","sticky":false,"template":"","format":"standard","meta":{"footnotes":""},"categories":[43],"tags":[44],"class_list":["post-24274","post","type-post","status-publish","format-standard","hentry","category-kirche-oldenburg","tag-kirche-oldenburg"],"_links":{"self":[{"href":"https:\/\/christusnews.de\/site\/wp-json\/wp\/v2\/posts\/24274","targetHints":{"allow":["GET"]}}],"collection":[{"href":"https:\/\/christusnews.de\/site\/wp-json\/wp\/v2\/posts"}],"about":[{"href":"https:\/\/christusnews.de\/site\/wp-json\/wp\/v2\/types\/post"}],"author":[{"embeddable":true,"href":"https:\/\/christusnews.de\/site\/wp-json\/wp\/v2\/users\/7"}],"replies":[{"embeddable":true,"href":"https:\/\/christusnews.de\/site\/wp-json\/wp\/v2\/comments?post=24274"}],"version-history":[{"count":1,"href":"https:\/\/christusnews.de\/site\/wp-json\/wp\/v2\/posts\/24274\/revisions"}],"predecessor-version":[{"id":24275,"href":"https:\/\/christusnews.de\/site\/wp-json\/wp\/v2\/posts\/24274\/revisions\/24275"}],"wp:attachment":[{"href":"https:\/\/christusnews.de\/site\/wp-json\/wp\/v2\/media?parent=24274"}],"wp:term":[{"taxonomy":"category","embeddable":true,"href":"https:\/\/christusnews.de\/site\/wp-json\/wp\/v2\/categories?post=24274"},{"taxonomy":"post_tag","embeddable":true,"href":"https:\/\/christusnews.de\/site\/wp-json\/wp\/v2\/tags?post=24274"}],"curies":[{"name":"wp","href":"https:\/\/api.w.org\/{rel}","templated":true}]}}