{"id":24291,"date":"2023-06-05T19:32:00","date_gmt":"2023-06-05T17:32:00","guid":{"rendered":"https:\/\/christusnews.de\/site\/vechta-kreissynode-tagt-zum-themenschwerpunkt-im-blickpunkt-junge-menschen\/"},"modified":"2023-06-06T23:17:57","modified_gmt":"2023-06-06T21:17:57","slug":"vechta-kreissynode-tagt-zum-themenschwerpunkt-im-blickpunkt-junge-menschen","status":"publish","type":"post","link":"https:\/\/christusnews.de\/site\/vechta-kreissynode-tagt-zum-themenschwerpunkt-im-blickpunkt-junge-menschen\/","title":{"rendered":"Vechta: Kreissynode tagt zum Themenschwerpunkt \u201eIm Blickpunkt \u2013 junge Menschen\u201c"},"content":{"rendered":"<p>\u201eIm Blickpunkt \u2013 junge Menschen\u201c war der Themenschwerpunkt der diesj\u00e4hrigen Fr\u00fchjahrssynode des Evangelisch-lutherischen Kirchenkreises Oldenburger M\u00fcnsterland Anfang Juni in Vechta. Im Er\u00f6ffnungsgottesdienst am Freitagnachmittag, 2. Juni, wurde Diakon Markus Kohring in seine Stelle f\u00fcr missionarische Dienste von Kreispfarrerin Martina Wittkowski eingef\u00fchrt. Die synodale Arbeit startete im Anschluss im Gemeindehaus an der Marienstra\u00dfe. Zun\u00e4chst stand der Bericht der Kreispfarrerin auf der Tagesordnung, in dem sie noch einmal ihre Freude zum Ausdruck brachte, dass mit Markus Kohring ein Mitarbeiter gewonnen werden konnte, der mit seiner Arbeit \u201efrischen Wind\u201c in die Entwicklung des Kirchenkreises bringen wird. Eines seiner ersten Projekte ist sein Engagement f\u00fcr den Chor aus unserer Region, der am 9. September in der gro\u00dfen EWE-Arena in Oldenburg mit 1.000 anderen S\u00e4ngerinnen und S\u00e4ngern das Chormusical \u201eMartin Luther King\u201c das Leben des amerikanischen B\u00fcrgerrechtlers und Baptistenpastors Martin Luther King zum Klingen bringen wird.&nbsp;<\/p>\n<p><strong>Leuchtt\u00fcrme und besondere Projekte<\/strong><br \/>\nKreispfarrerin Wittkowski w\u00fcrdigte in einem schwieriger werdenden Umfeld die haupt- und ehrenamtliche Arbeit und nannte einen besonderen Leuchtturm die Tauffeste im Juni in Dinklage f\u00fcr den Bezirk Vechta S\u00fcd und im September in Visbek f\u00fcr den Norden des Landkreises. Wer sich oder sein Kind hierzu anmelden m\u00f6chte, wende sich an die entsprechenden Kirchengemeinden. Ferner ging Martina Wittkowski auf die Arbeit des Diakonischen Werkes ein und sah als besondere Herausforderung die K\u00fcrzung der Mittel durch die oldenburgische Kirche sowie strukturelle Ver\u00e4nderungen beim Landesverband f\u00fcr Diakonie in Oldenburg an. Mit Freude blickte die Kreispfarrerin auf die Visitation der Kirchenmusik zur\u00fcck und lobte das vielf\u00e4ltige musikalische Angebot, das aus dem kirchlichen Leben nicht wegzudenken sei. Sorgen mache ihr allerdings die Entwicklung der Mitarbeiterschaft, und hier sei nicht nur die pastorale Versorgung gemeint, sondern auch die Gewinnung von Mitarbeitern und Mitarbeiterinnen f\u00fcr Kitas und den Verwaltungsbereich.&nbsp;<\/p>\n<p>In der anschlie\u00dfenden Diskussion wurde von Synodalen darauf hingewiesen, dass bei fehlenden Hauptamtlichen das Ehrenamt oft an seine Grenzen sto\u00dfe. Es wurde die Forderung gestellt, hier gemeinde\u00fcbergreifend Personal zur Verf\u00fcgung zu stellen, das den Ehrenamtlichen zur Seite steht. Martina Wittkowski versprach, diese Anregungen mit in die entsprechenden Gremien zu nehmen.<\/p>\n<p><strong>\u201eIm Blickpunkt: Junge Menschen\u201c<\/strong><br \/>\nIm anschlie\u00dfenden Thementeil \u201eIm Blickpunkt: Junge Menschen\u201c wurden Workshops zu unterschiedlichen Themenschwerpunkten angeboten: Allen gemeinsam war der Gedanke, Kirche \u00fcber den gewohnten Sonntagsgottesdienst hinaus attraktiv zu gestalten. Es begann bei den ganz Kleinen in den Kitas und die Vermittlung von christlichen Werten, wenn auch in den Kitas die Zugeh\u00f6rigkeit zu einer der christlichen Kirchen immer mehr zur\u00fcckgeht. Der Frage, wie man st\u00e4rker Familien in das gemeindliche Leben einbeziehen k\u00f6nne, ging man im Workshop \u201eKunterbunte Familienkirche\u201c \u2013 ein Aktionstag von Familien f\u00fcr Familien\u201c nach. Regionale Konzepte zur Konfirmandenarbeit im Kirchenkreis stellte Pfarrer Christian J\u00e4ger mit seinen Projekten \u201eChurchnight\u201c und \u201eKonficamp\u201c vor.&nbsp;<\/p>\n<p><strong>Verbindung von Genuss und biblischen Texten <\/strong><br \/>\nAus der westf\u00e4lischen Landeskirche kam schlie\u00dflich der Ansatz, mit der Verbindung von Genuss und biblischen Texten miteinander \u00fcber den Glauben ins Gespr\u00e4ch zu kommen. In der Bibel g\u00e4be es viele Stellen, in denen \u00fcber das gemeinsame Essen Gemeinschaft praktiziert wird, so der Referent Pastor Stephan Zeipelt. Hier kn\u00fcpfe sein Projekt an. \u00dcber das Verkosten von Kaffee komme man \u00fcber entsprechende biblische Texte ins Gespr\u00e4ch. Auf Grund der gro\u00dfen Resonanz wolle er auch andere Gemeinden ermutigen, solche Formate auszuprobieren. Informationen hierzu findet man unter <a href=\"https:\/\/www.oikos-institut.de\/angebot\/genussvoll-glauben\/\">https:\/\/www.oikos-institut.de\/angebot\/genussvoll-glauben\/<\/a>&nbsp;<\/p>\n<p>Abschlie\u00dfend freute sich Kreispfarrerin Martina Wittkowski \u00fcber den anregenden Synodentag und dankte den Referentinnen und Referenten f\u00fcr ihre interessanten Beitr\u00e4ge.&nbsp;<\/p>\n<p><em>Ein Beitrag von Carsten Homann.<\/em><br \/>\n&nbsp;<\/p>\n<p>Kirche-Oldenburg<br \/>\n<a href=\"https:\/\/www.kirche-oldenburg.de\/\/aktuell\/aus-den-kirchenkreisen\/artikel\/vechta-kreissynode-tagt-zum-themenschwerpunkt-im-blickpunkt-junge-menschen\" target=\"_blank\" rel=\"noopener\">Vechta: Kreissynode tagt zum Themenschwerpunkt \u201eIm Blickpunkt \u2013 junge Menschen\u201c<\/a><\/p>\n","protected":false},"excerpt":{"rendered":"<p>\u201eIm Blickpunkt \u2013 junge Menschen\u201c war der Themenschwerpunkt der diesj\u00e4hrigen Fr\u00fchjahrssynode des Evangelisch-lutherischen Kirchenkreises Oldenburger M\u00fcnsterland Anfang Juni in Vechta. Im Er\u00f6ffnungsgottesdienst am Freitagnachmittag, 2. Juni, wurde Diakon Markus Kohring in seine Stelle f\u00fcr missionarische Dienste von Kreispfarrerin Martina Wittkowski eingef\u00fchrt. Die synodale Arbeit startete im Anschluss im Gemeindehaus an der Marienstra\u00dfe. Zun\u00e4chst stand der Bericht der Kreispfarrerin auf der Tagesordnung, in dem sie noch einmal ihre Freude zum Ausdruck brachte, dass mit Markus Kohring ein Mitarbeiter gewonnen werden konnte, der mit seiner Arbeit \u201efrischen Wind\u201c in die Entwicklung des Kirchenkreises bringen wird. Eines seiner ersten Projekte ist sein Engagement&#8230;<\/p>\n","protected":false},"author":7,"featured_media":0,"comment_status":"false","ping_status":"open","sticky":false,"template":"","format":"standard","meta":{"footnotes":""},"categories":[43],"tags":[44],"class_list":["post-24291","post","type-post","status-publish","format-standard","hentry","category-kirche-oldenburg","tag-kirche-oldenburg"],"_links":{"self":[{"href":"https:\/\/christusnews.de\/site\/wp-json\/wp\/v2\/posts\/24291","targetHints":{"allow":["GET"]}}],"collection":[{"href":"https:\/\/christusnews.de\/site\/wp-json\/wp\/v2\/posts"}],"about":[{"href":"https:\/\/christusnews.de\/site\/wp-json\/wp\/v2\/types\/post"}],"author":[{"embeddable":true,"href":"https:\/\/christusnews.de\/site\/wp-json\/wp\/v2\/users\/7"}],"replies":[{"embeddable":true,"href":"https:\/\/christusnews.de\/site\/wp-json\/wp\/v2\/comments?post=24291"}],"version-history":[{"count":1,"href":"https:\/\/christusnews.de\/site\/wp-json\/wp\/v2\/posts\/24291\/revisions"}],"predecessor-version":[{"id":24292,"href":"https:\/\/christusnews.de\/site\/wp-json\/wp\/v2\/posts\/24291\/revisions\/24292"}],"wp:attachment":[{"href":"https:\/\/christusnews.de\/site\/wp-json\/wp\/v2\/media?parent=24291"}],"wp:term":[{"taxonomy":"category","embeddable":true,"href":"https:\/\/christusnews.de\/site\/wp-json\/wp\/v2\/categories?post=24291"},{"taxonomy":"post_tag","embeddable":true,"href":"https:\/\/christusnews.de\/site\/wp-json\/wp\/v2\/tags?post=24291"}],"curies":[{"name":"wp","href":"https:\/\/api.w.org\/{rel}","templated":true}]}}