{"id":24295,"date":"2023-06-06T12:14:00","date_gmt":"2023-06-06T10:14:00","guid":{"rendered":"https:\/\/christusnews.de\/site\/ekd-ratsvorsitzende-wegen-corona-infektion-nicht-beim-kirchentag\/"},"modified":"2023-06-07T23:17:44","modified_gmt":"2023-06-07T21:17:44","slug":"ekd-ratsvorsitzende-wegen-corona-infektion-nicht-beim-kirchentag","status":"publish","type":"post","link":"https:\/\/christusnews.de\/site\/ekd-ratsvorsitzende-wegen-corona-infektion-nicht-beim-kirchentag\/","title":{"rendered":"EKD-Ratsvorsitzende wegen Corona-Infektion nicht beim Kirchentag"},"content":{"rendered":"<p class=\"MsoPlainText\">Hannover (epd). Die Ratsvorsitzende der Evangelischen Kirche in Deutschland (EKD), Annette Kurschus, wird wegen einer Corona-Erkrankung nicht am Kirchentag in N\u00fcrnberg teilnehmen. Sie habe ihre Teilnahme kurzfristig absagen m\u00fcssen, teilte die EKD am Dienstag in Hannover mit. Das gr\u00f6\u00dfte christliche Laientreffen in Deutschland beginnt am Mittwoch.<\/p>\n<p class=\"MsoPlainText\">&nbsp;<\/p>\n<p class=\"MsoPlainText\">Erstmals seit dem Ende der Corona-Pandemie treffen sich Zehntausende evangelische Christen in N\u00fcrnberg wieder zu einem Kirchentag. Vom 7. bis 11. Juni werden etwa 100.000 Besucher in der mittelfr\u00e4nkischen Stadt zum 38. Deutschen Evangelischen Kirchentag erwartet. Pr\u00e4sident des Kirchentags ist der ehemalige CDU-Bundesminister Thomas de Maizi\u00e8re.<\/p>\n<p>Kirche-Oldenburg<br \/>\n<a href=\"https:\/\/www.kirche-oldenburg.de\/\/aktuell\/news-niedersachsen\/artikel\/ekd-ratsvorsitzende-wegen-corona-infektion-nicht-beim-kirchentag\" target=\"_blank\" rel=\"noopener\">EKD-Ratsvorsitzende wegen Corona-Infektion nicht beim Kirchentag<\/a><\/p>\n","protected":false},"excerpt":{"rendered":"<p>Hannover (epd). Die Ratsvorsitzende der Evangelischen Kirche in Deutschland (EKD), Annette Kurschus, wird wegen einer Corona-Erkrankung nicht am Kirchentag in N\u00fcrnberg teilnehmen. Sie habe ihre Teilnahme kurzfristig absagen m\u00fcssen, teilte die EKD am Dienstag in Hannover mit. Das gr\u00f6\u00dfte christliche Laientreffen in Deutschland beginnt am Mittwoch. &nbsp; Erstmals seit dem Ende der Corona-Pandemie treffen sich Zehntausende evangelische Christen in N\u00fcrnberg wieder zu einem Kirchentag. Vom 7. bis 11. Juni werden etwa 100.000 Besucher in der mittelfr\u00e4nkischen Stadt zum 38. Deutschen Evangelischen Kirchentag erwartet. Pr\u00e4sident des Kirchentags ist der ehemalige CDU-Bundesminister Thomas de Maizi\u00e8re. Kirche-Oldenburg EKD-Ratsvorsitzende wegen Corona-Infektion nicht beim Kirchentag<\/p>\n","protected":false},"author":7,"featured_media":0,"comment_status":"false","ping_status":"open","sticky":false,"template":"","format":"standard","meta":{"footnotes":""},"categories":[43],"tags":[44],"class_list":["post-24295","post","type-post","status-publish","format-standard","hentry","category-kirche-oldenburg","tag-kirche-oldenburg"],"_links":{"self":[{"href":"https:\/\/christusnews.de\/site\/wp-json\/wp\/v2\/posts\/24295","targetHints":{"allow":["GET"]}}],"collection":[{"href":"https:\/\/christusnews.de\/site\/wp-json\/wp\/v2\/posts"}],"about":[{"href":"https:\/\/christusnews.de\/site\/wp-json\/wp\/v2\/types\/post"}],"author":[{"embeddable":true,"href":"https:\/\/christusnews.de\/site\/wp-json\/wp\/v2\/users\/7"}],"replies":[{"embeddable":true,"href":"https:\/\/christusnews.de\/site\/wp-json\/wp\/v2\/comments?post=24295"}],"version-history":[{"count":1,"href":"https:\/\/christusnews.de\/site\/wp-json\/wp\/v2\/posts\/24295\/revisions"}],"predecessor-version":[{"id":24296,"href":"https:\/\/christusnews.de\/site\/wp-json\/wp\/v2\/posts\/24295\/revisions\/24296"}],"wp:attachment":[{"href":"https:\/\/christusnews.de\/site\/wp-json\/wp\/v2\/media?parent=24295"}],"wp:term":[{"taxonomy":"category","embeddable":true,"href":"https:\/\/christusnews.de\/site\/wp-json\/wp\/v2\/categories?post=24295"},{"taxonomy":"post_tag","embeddable":true,"href":"https:\/\/christusnews.de\/site\/wp-json\/wp\/v2\/tags?post=24295"}],"curies":[{"name":"wp","href":"https:\/\/api.w.org\/{rel}","templated":true}]}}